{"id":40174,"date":"2025-02-23T21:15:01","date_gmt":"2025-02-23T21:15:01","guid":{"rendered":"https:\/\/defrentealaverdad.com\/?p=40174"},"modified":"2025-02-24T01:22:29","modified_gmt":"2025-02-24T01:22:29","slug":"ejercito-interviene-centro-de-acopio-para-indocumentados-que-funcionaban-en-una-casucha-en-montecristi","status":"publish","type":"post","link":"https:\/\/defrentealaverdad.com\/index.php\/2025\/02\/23\/ejercito-interviene-centro-de-acopio-para-indocumentados-que-funcionaban-en-una-casucha-en-montecristi\/","title":{"rendered":"Ej\u00e9rcito interviene centro de acopio para indocumentados que funcionaban en una casucha en Montecristi"},"content":{"rendered":"<p>Por Felix Rubio<\/p>\n<blockquote>\n<p style=\"text-align: justify;\">Tambi\u00e9n detienen indocumentados que desplazaban en motocicletas de dos y tres ruedas<\/p>\n<\/blockquote>\n<p style=\"text-align: justify;\"><strong>Montecristi. <\/strong>\u00a0Una casucha que funcionaba como centro de acopio de nacionales haitianos indocumentados, fue intervenida por miembros del Ej\u00e9rcito de Rep\u00fablica Dominicana durante la noche de este s\u00e1bado en Montecristi.<\/p>\n<p style=\"text-align: justify;\">En la propiedad, ubicada en la zona costera de la comunidad de Copey del municipio de Villa V\u00e1squez, fueron encontrados 22 inmigrantes indocumentados haitianos, entre ellos 14 hombres, 05 mujeres y 03 ni\u00f1os.<\/p>\n<p style=\"text-align: justify;\">Los Oficiales del ERD y miembros de inteligencia del S-2 actuantes, procedieron a trasladar a los indocumentados para ser entregados a la Direcci\u00f3n General de Migraci\u00f3n y profundizan las investigaciones en torno al lugar que era utilizado para albergar a indocumentados, desde donde se presume, eran transportados en veh\u00edculos a otros puntos del pa\u00eds.<\/p>\n<blockquote>\n<p style=\"text-align: justify;\">Detienen dominicano por trasladar indocumentados en motocicleta de tres ruedas en Santiago Rodr\u00edguez<\/p>\n<\/blockquote>\n<p style=\"text-align: justify;\">En otro operativo en Santiago Rodr\u00edguez, el Ej\u00e9rcito de Rep\u00fablica Dominicana, detuvo a un ciudadano dominicano por trasladar a cuatro nacionales haitianos en estatus migratorio irregular en una motocicleta de tres ruedas conocida como Margarita, en la provincia Santiago Rodr\u00edguez.<\/p>\n<p style=\"text-align: justify;\">El detenido fue identificado como V\u00edctor Alfonso Francisco Vidal, quien transportaba a los indocumentados en la motocicleta marca TVS, color rojo, placa K1981055.<\/p>\n<blockquote>\n<p style=\"text-align: justify;\">En Montecristi detienen 26 nacionales haitianos indocumentados que se desplazaban en seis motocicletas<\/p>\n<\/blockquote>\n<p style=\"text-align: justify;\">Miembros del Ej\u00e9rcito, asignados para servicio en el destacamento Mang\u00e1, apresaron en la comunidad Cabeza de Toro, del municipio Guayub\u00edn, seis motocicletas, en las cuales se desplazaban 26 haitianos indocumentados.<\/p>\n<p style=\"text-align: justify;\">Los veh\u00edculos ocupados en estas operaciones, junto al ciudadano dominicano detenido, ser\u00e1n entregados al Ministerio P\u00fablico, mientras que los indocumentados a la Direcci\u00f3n General de Migraci\u00f3n (DGM) para el proceso de repatriaci\u00f3n.<\/p>\n<p>Fuente: Ej\u00e9rcito de Rep\u00fablica Dominicana<\/p>\n","protected":false},"excerpt":{"rendered":"<p>Por Felix Rubio Tambi\u00e9n detienen indocumentados que desplazaban en motocicletas de dos y tres ruedas<\/p>\n","protected":false},"author":1,"featured_media":0,"comment_status":"open","ping_status":"open","sticky":false,"template":"","format":"standard","meta":{"footnotes":""},"categories":[7],"tags":[],"class_list":["post-40174","post","type-post","status-publish","format-standard","hentry","category-nacionales"],"_links":{"self":[{"href":"https:\/\/defrentealaverdad.com\/index.php\/wp-json\/wp\/v2\/posts\/40174","targetHints":{"allow":["GET"]}}],"collection":[{"href":"https:\/\/defrentealaverdad.com\/index.php\/wp-json\/wp\/v2\/posts"}],"about":[{"href":"https:\/\/defrentealaverdad.com\/index.php\/wp-json\/wp\/v2\/types\/post"}],"author":[{"embeddable":true,"href":"https:\/\/defrentealaverdad.com\/index.php\/wp-json\/wp\/v2\/users\/1"}],"replies":[{"embeddable":true,"href":"https:\/\/defrentealaverdad.com\/index.php\/wp-json\/wp\/v2\/comments?post=40174"}],"version-history":[{"count":1,"href":"https:\/\/defrentealaverdad.com\/index.php\/wp-json\/wp\/v2\/posts\/40174\/revisions"}],"predecessor-version":[{"id":40178,"href":"https:\/\/defrentealaverdad.com\/index.php\/wp-json\/wp\/v2\/posts\/40174\/revisions\/40178"}],"wp:attachment":[{"href":"https:\/\/defrentealaverdad.com\/index.php\/wp-json\/wp\/v2\/media?parent=40174"}],"wp:term":[{"taxonomy":"category","embeddable":true,"href":"https:\/\/defrentealaverdad.com\/index.php\/wp-json\/wp\/v2\/categories?post=40174"},{"taxonomy":"post_tag","embeddable":true,"href":"https:\/\/defrentealaverdad.com\/index.php\/wp-json\/wp\/v2\/tags?post=40174"}],"curies":[{"name":"wp","href":"https:\/\/api.w.org\/{rel}","templated":true}]}}