{"id":40171,"date":"2025-02-24T01:17:59","date_gmt":"2025-02-24T01:17:59","guid":{"rendered":"https:\/\/defrentealaverdad.com\/?p=40171"},"modified":"2025-02-24T01:17:59","modified_gmt":"2025-02-24T01:17:59","slug":"aramis-camilo-junto-a-manny-cruz-encendieron-su-motor-en-premios-lo-nuestro","status":"publish","type":"post","link":"https:\/\/defrentealaverdad.com\/index.php\/2025\/02\/24\/aramis-camilo-junto-a-manny-cruz-encendieron-su-motor-en-premios-lo-nuestro\/","title":{"rendered":"Aramis Camilo Junto a Manny Cruz Encendieron su Motor en Premios Lo Nuestro"},"content":{"rendered":"<blockquote>\n<p style=\"text-align: justify;\">Los artistas resaltaron la dominicanidad a ritmo de merengue, elevando el orgullo nacional ante el mundo<\/p>\n<\/blockquote>\n<p style=\"text-align: justify;\"><strong>Miami, FL.<\/strong> \u2013 La impresionante actuaci\u00f3n de Aramis Camilo y Manny Cruz en la 37\u00aa edici\u00f3n de los Premios Lo Nuestro, celebrada el 20 de febrero en el Kaseya Center de Miami, Florida, dej\u00f3 una huella imborrable tanto en el p\u00fablico presente como en los millones de televidentes que siguieron la gala desde diversas partes del mundo.<\/p>\n<p style=\"text-align: justify;\">El emocionante video de la interpretaci\u00f3n del ic\u00f3nico tema \u00abEl Motor\u00bb, ejecutado por los dos grandes merengueros dominicanos por primera vez en territorio extranjero, ha alcanzado millones de reproducciones. El hist\u00f3rico momento no podr\u00eda haber tenido un mejor escenario que los Premios Lo Nuestro, donde el merengue, s\u00edmbolo cultural de la Rep\u00fablica Dominicana, brill\u00f3 con fuerza, logrando un posicionamiento extraordinario.<\/p>\n<p style=\"text-align: justify;\">Aramis Camilo, conocido por su \u201cOrganizaci\u00f3n Secreta\u201d, es el autor de \u00abEl Motor\u00bb, una de las canciones m\u00e1s representativas de la d\u00e9cada de los 80 que contin\u00faa siendo el merengue m\u00e1s escuchado y bailado tanto en las redes sociales y en las emisoras, as\u00ed como en los principales centros de diversi\u00f3n. Su jocosidad y energ\u00eda han convertido este tema en un himno del g\u00e9nero, generando miles de interacciones en todo el mundo.<\/p>\n<p style=\"text-align: justify;\">El talentoso artista, conocido como \u00abEl Padrino del Merengue\u00bb, tiene una trayectoria musical de m\u00e1s de 40 a\u00f1os, convirti\u00e9ndose en un verdadero embajador del merengue a nivel internacional. A lo largo de su carrera, ha logrado colocar decenas de canciones en los primeros lugares de popularidad, consolid\u00e1ndose como uno de los artistas m\u00e1s completos de la m\u00fasica dominicana. Su capacidad para interpretar diversos g\u00e9neros y su pasi\u00f3n por llevar la esencia de su pa\u00eds a nuevas audiencias lo han convertido en una figura destacada en la m\u00fasica latina.<\/p>\n<p style=\"text-align: justify;\">Considerado uno de los m\u00e1ximos exponentes del merengue, Aramis Camilo ha llevado el vibrante ritmo de su tierra natal a una extensa cantidad de pa\u00edses, poniendo la m\u00fasica dominicana en el mapa global. Con su inconfundible estilo, ha logrado que el merengue sea reconocido como uno de los pilares fundamentales de la cultura dominicana, elevando la m\u00fasica tropical a nuevas alturas.<\/p>\n<p style=\"text-align: justify;\">Como parte de sus celebraciones por cuatro d\u00e9cadas de trayectoria, Aramis Camilo ha anunciado que muy pronto har\u00e1 un importante anuncio sobre su gira mundial, con la cual celebrar\u00e1 sus 40 a\u00f1os de carrera, llevando su m\u00fasica a escenarios internacionales y reafirmando su posici\u00f3n como una de las leyendas vivientes de la m\u00fasica latina.<\/p>\n<p style=\"text-align: justify;\">Sin duda, la presentaci\u00f3n de Aramis Camilo y Manny Cruz en los Premios Lo Nuestro represent\u00f3 una vibrante celebraci\u00f3n de la dominicanidad y la fuerza del merengue, reafirmando el lugar del g\u00e9nero en la escena musical global.<\/p>\n<p>Fuente: RD Firma Autorizada<\/p>\n","protected":false},"excerpt":{"rendered":"<p>Los artistas resaltaron la dominicanidad a ritmo de merengue, elevando el orgullo nacional ante el<\/p>\n","protected":false},"author":1,"featured_media":40172,"comment_status":"open","ping_status":"open","sticky":false,"template":"","format":"standard","meta":{"footnotes":""},"categories":[6],"tags":[],"class_list":["post-40171","post","type-post","status-publish","format-standard","has-post-thumbnail","hentry","category-espectaculos"],"_links":{"self":[{"href":"https:\/\/defrentealaverdad.com\/index.php\/wp-json\/wp\/v2\/posts\/40171","targetHints":{"allow":["GET"]}}],"collection":[{"href":"https:\/\/defrentealaverdad.com\/index.php\/wp-json\/wp\/v2\/posts"}],"about":[{"href":"https:\/\/defrentealaverdad.com\/index.php\/wp-json\/wp\/v2\/types\/post"}],"author":[{"embeddable":true,"href":"https:\/\/defrentealaverdad.com\/index.php\/wp-json\/wp\/v2\/users\/1"}],"replies":[{"embeddable":true,"href":"https:\/\/defrentealaverdad.com\/index.php\/wp-json\/wp\/v2\/comments?post=40171"}],"version-history":[{"count":1,"href":"https:\/\/defrentealaverdad.com\/index.php\/wp-json\/wp\/v2\/posts\/40171\/revisions"}],"predecessor-version":[{"id":40173,"href":"https:\/\/defrentealaverdad.com\/index.php\/wp-json\/wp\/v2\/posts\/40171\/revisions\/40173"}],"wp:featuredmedia":[{"embeddable":true,"href":"https:\/\/defrentealaverdad.com\/index.php\/wp-json\/wp\/v2\/media\/40172"}],"wp:attachment":[{"href":"https:\/\/defrentealaverdad.com\/index.php\/wp-json\/wp\/v2\/media?parent=40171"}],"wp:term":[{"taxonomy":"category","embeddable":true,"href":"https:\/\/defrentealaverdad.com\/index.php\/wp-json\/wp\/v2\/categories?post=40171"},{"taxonomy":"post_tag","embeddable":true,"href":"https:\/\/defrentealaverdad.com\/index.php\/wp-json\/wp\/v2\/tags?post=40171"}],"curies":[{"name":"wp","href":"https:\/\/api.w.org\/{rel}","templated":true}]}}