{"id":40168,"date":"2025-02-23T20:14:05","date_gmt":"2025-02-23T20:14:05","guid":{"rendered":"https:\/\/defrentealaverdad.com\/?p=40168"},"modified":"2025-02-24T01:16:02","modified_gmt":"2025-02-24T01:16:02","slug":"yves-alexandre-giroux-un-llamado-a-la-verdad-y-la-justicia","status":"publish","type":"post","link":"https:\/\/defrentealaverdad.com\/index.php\/2025\/02\/23\/yves-alexandre-giroux-un-llamado-a-la-verdad-y-la-justicia\/","title":{"rendered":"Yves Alexandre Giroux: Un llamado a la verdad y la justicia"},"content":{"rendered":"<p style=\"text-align: justify;\"><strong>Punta Cana, Rep\u00fablica Dominicana<\/strong>. \u2013 Con una trayectoria de casi 30 a\u00f1os en la industria tur\u00edstica de Punta Cana, Yves Alexandre Giroux se ha consolidado como un profesional \u00edntegro y respetado. Su compromiso con la transparencia y la \u00e9tica laboral lo han distinguido a lo largo de su carrera, y hoy enfrenta una situaci\u00f3n que requiere claridad y justicia.<\/p>\n<p style=\"text-align: justify;\">Desde su salida de Novasco, empresa en la que particip\u00f3 hasta hace m\u00e1s de dos a\u00f1os, su nombre ha sido vinculado a situaciones en las que no tuvo control ni responsabilidad. Es fundamental que se comprenda la realidad de los hechos y se respeten sus derechos como inversionista extranjero en la Rep\u00fablica Dominicana.<\/p>\n<p style=\"text-align: justify;\">En el momento de su retiro de Novasco, Giroux vendi\u00f3 sus acciones y dej\u00f3 la empresa en pleno funcionamiento, cuando a\u00fan faltaba m\u00e1s de un a\u00f1o para la finalizaci\u00f3n de la primera fase de su proyecto. Para garantizar un proceso responsable, firm\u00f3 un pagar\u00e9 con pagos escalonados, asegurando que no recibir\u00eda ning\u00fan beneficio hasta que los clientes recibieran sus propiedades<\/p>\n<p style=\"text-align: justify;\">Desde entonces, no figura en el registro mercantil ni en la estructura de Novasco, lo que confirma su desvinculaci\u00f3n total. A pesar de ello, enfrenta cuestionamientos por decisiones tomadas despu\u00e9s de su salida y por situaciones sobre las cuales nunca tuvo poder ni acceso.<\/p>\n<p style=\"text-align: justify;\">Uno de los grandes desaf\u00edos en la Rep\u00fablica Dominicana es la falta de protecci\u00f3n jur\u00eddica para inversionistas extranjeros, quienes, incluso despu\u00e9s de vender sus acciones, pueden ser se\u00f1alados por irregularidades cometidas por la nueva administraci\u00f3n.<\/p>\n<p style=\"text-align: justify;\">En el caso de Novasco, el 99 % de la empresa ha estado bajo el control de Loanny Ortiz Nova, quien desde el inicio manej\u00f3 las cuentas y tom\u00f3 las decisiones financieras. Durante su tiempo en la compa\u00f1\u00eda, Giroux nunca tuvo acceso a las cuentas bancarias ni firm\u00f3 contratos en nombre de la empresa.<\/p>\n<p style=\"text-align: justify;\">Preocupado por el rumbo de la empresa tras su salida, Giroux solicit\u00f3 ante el tribunal la designaci\u00f3n de un administrador de cuentas para evitar cualquier mala gesti\u00f3n. Sin embargo, su petici\u00f3n fue rechazada bajo el argumento de que ya no ten\u00eda v\u00ednculo con la empresa<\/p>\n<p style=\"text-align: justify;\">Lejos de evadir responsabilidades, Yves Alexandre Giroux siempre ha colaborado con las autoridades y ha respondido a cada requerimiento de la fiscal\u00eda. Nunca intent\u00f3 abandonar el pa\u00eds, a pesar de que Canad\u00e1 no tiene un tratado de extradici\u00f3n con la Rep\u00fablica Dominicana. Adem\u00e1s, su pasaporte est\u00e1 en posesi\u00f3n de la fiscal\u00eda, lo que prueba que no ten\u00eda intenci\u00f3n de huir ni de ocultar informaci\u00f3n.<\/p>\n<p style=\"text-align: justify;\">Es crucial que la verdad sea reconocida y que cada persona asuma la responsabilidad que le corresponde. Yves Alexandre Giroux no puede ser se\u00f1alado por gestiones ajenas a su control, ni por decisiones tomadas cuando ya no ten\u00eda ning\u00fan v\u00ednculo con Novasco.<\/p>\n<p style=\"text-align: justify;\">Su historial de integridad y transparencia habla por s\u00ed solo, y es momento de que la justicia act\u00fae en base a los hechos.<\/p>\n<p>Fuente: CRNews<\/p>\n","protected":false},"excerpt":{"rendered":"<p>Punta Cana, Rep\u00fablica Dominicana. \u2013 Con una trayectoria de casi 30 a\u00f1os en la industria<\/p>\n","protected":false},"author":1,"featured_media":40170,"comment_status":"open","ping_status":"open","sticky":false,"template":"","format":"standard","meta":{"footnotes":""},"categories":[7],"tags":[],"class_list":["post-40168","post","type-post","status-publish","format-standard","has-post-thumbnail","hentry","category-nacionales"],"_links":{"self":[{"href":"https:\/\/defrentealaverdad.com\/index.php\/wp-json\/wp\/v2\/posts\/40168","targetHints":{"allow":["GET"]}}],"collection":[{"href":"https:\/\/defrentealaverdad.com\/index.php\/wp-json\/wp\/v2\/posts"}],"about":[{"href":"https:\/\/defrentealaverdad.com\/index.php\/wp-json\/wp\/v2\/types\/post"}],"author":[{"embeddable":true,"href":"https:\/\/defrentealaverdad.com\/index.php\/wp-json\/wp\/v2\/users\/1"}],"replies":[{"embeddable":true,"href":"https:\/\/defrentealaverdad.com\/index.php\/wp-json\/wp\/v2\/comments?post=40168"}],"version-history":[{"count":1,"href":"https:\/\/defrentealaverdad.com\/index.php\/wp-json\/wp\/v2\/posts\/40168\/revisions"}],"predecessor-version":[{"id":40169,"href":"https:\/\/defrentealaverdad.com\/index.php\/wp-json\/wp\/v2\/posts\/40168\/revisions\/40169"}],"wp:featuredmedia":[{"embeddable":true,"href":"https:\/\/defrentealaverdad.com\/index.php\/wp-json\/wp\/v2\/media\/40170"}],"wp:attachment":[{"href":"https:\/\/defrentealaverdad.com\/index.php\/wp-json\/wp\/v2\/media?parent=40168"}],"wp:term":[{"taxonomy":"category","embeddable":true,"href":"https:\/\/defrentealaverdad.com\/index.php\/wp-json\/wp\/v2\/categories?post=40168"},{"taxonomy":"post_tag","embeddable":true,"href":"https:\/\/defrentealaverdad.com\/index.php\/wp-json\/wp\/v2\/tags?post=40168"}],"curies":[{"name":"wp","href":"https:\/\/api.w.org\/{rel}","templated":true}]}}