{"id":40162,"date":"2025-02-23T18:08:22","date_gmt":"2025-02-23T18:08:22","guid":{"rendered":"https:\/\/defrentealaverdad.com\/?p=40162"},"modified":"2025-02-24T01:09:54","modified_gmt":"2025-02-24T01:09:54","slug":"adri-torron-llega-con-dvd-una-sexi-apuesta-al-pop-latino","status":"publish","type":"post","link":"https:\/\/defrentealaverdad.com\/index.php\/2025\/02\/23\/adri-torron-llega-con-dvd-una-sexi-apuesta-al-pop-latino\/","title":{"rendered":"Adri Torr\u00f3n llega con \u201cdvd\u201d, una sexi apuesta al pop latino"},"content":{"rendered":"<p style=\"text-align: justify;\">SANTO DOMINGO.- La cantante Adri Torr\u00f3n contin\u00faa firme en su apuesta musical, evidenciando un crecimiento importante con el lanzamiento de su nuevo sencillo, \u201cdvd\u201d, tras alzarse ganadora del concurso de m\u00fasica El Spotlight.<\/p>\n<p style=\"text-align: justify;\">\u201cdvd\u201d es una canci\u00f3n compuesta por Adri en colaboraci\u00f3n con Luis Salazar, Alexa Zabala y Juan Daniel Shool, en el g\u00e9nero pop latino y que habla de una persona que supera una relaci\u00f3n t\u00f3xica y le deja claro a su ex pareja que no lo necesita y m est\u00e1 mejor sin \u00e9l.<\/p>\n<p style=\"text-align: justify;\">El sencillo \u201cdvd\u201d se desprende de su pr\u00f3xima producci\u00f3n discogr\u00e1fica, la cual saldr\u00e1 pr\u00f3ximamente y explorar\u00e1 diferentes facetas musicales a trav\u00e9s de baladas rom\u00e1nticas y temas bailables, combinando sus ra\u00edces caribe\u00f1as con sonidos pop moderno.<\/p>\n<p style=\"text-align: justify;\">Adem\u00e1s, \u201cdvd\u201d cuenta con un audiovisual que fue grabado en Miami, ambientado en una oficina que muestra a Adri Torr\u00f3n enfrentando una situaci\u00f3n frustrante cuando su jefe la despide. En su imaginaci\u00f3n, desata su rebeld\u00eda causando un aut\u00e9ntico caos, rompiendo computadoras, lanzando papeles y destruyendo todo a su paso. En medio de este escenario ca\u00f3tico, la artista y los bailarines interpretan una coreograf\u00eda vibrante que enfatiza su estilo desenfadado y en\u00e9rgico. Finalmente, la artista regresa a la realidad y, con una actitud serena, abandona la oficina, dejando una huella imborrable en la narrativa visual del video.<\/p>\n<p style=\"text-align: justify;\">Cabe destacar que recientemente Adri fue reconocida como una de las promesas m\u00e1s destacadas de la m\u00fasica latina al ser seleccionada para formar parte de la primera edici\u00f3n del Premio Lo Nuestro \u00abArtistas 2 Watch\u00bb. Adem\u00e1s, se alz\u00f3 ganadora de la segunda edici\u00f3n del concurso de m\u00fasica El Spotlight, una plataforma la lleva al escenario del festival Isle of Light para compartir escenario con artistas dominicanos e internacionales.<\/p>\n<blockquote>\n<p style=\"text-align: justify;\">\u201cdvd\u201d est\u00e1 disponible en todas las plataformas digitales.<\/p>\n<\/blockquote>\n<p>Fuente: Equipo Adri Torr\u00f3n<\/p>\n","protected":false},"excerpt":{"rendered":"<p>SANTO DOMINGO.- La cantante Adri Torr\u00f3n contin\u00faa firme en su apuesta musical, evidenciando un crecimiento<\/p>\n","protected":false},"author":4,"featured_media":40163,"comment_status":"open","ping_status":"open","sticky":false,"template":"","format":"standard","meta":{"footnotes":""},"categories":[249],"tags":[],"class_list":["post-40162","post","type-post","status-publish","format-standard","has-post-thumbnail","hentry","category-farandula"],"_links":{"self":[{"href":"https:\/\/defrentealaverdad.com\/index.php\/wp-json\/wp\/v2\/posts\/40162","targetHints":{"allow":["GET"]}}],"collection":[{"href":"https:\/\/defrentealaverdad.com\/index.php\/wp-json\/wp\/v2\/posts"}],"about":[{"href":"https:\/\/defrentealaverdad.com\/index.php\/wp-json\/wp\/v2\/types\/post"}],"author":[{"embeddable":true,"href":"https:\/\/defrentealaverdad.com\/index.php\/wp-json\/wp\/v2\/users\/4"}],"replies":[{"embeddable":true,"href":"https:\/\/defrentealaverdad.com\/index.php\/wp-json\/wp\/v2\/comments?post=40162"}],"version-history":[{"count":1,"href":"https:\/\/defrentealaverdad.com\/index.php\/wp-json\/wp\/v2\/posts\/40162\/revisions"}],"predecessor-version":[{"id":40164,"href":"https:\/\/defrentealaverdad.com\/index.php\/wp-json\/wp\/v2\/posts\/40162\/revisions\/40164"}],"wp:featuredmedia":[{"embeddable":true,"href":"https:\/\/defrentealaverdad.com\/index.php\/wp-json\/wp\/v2\/media\/40163"}],"wp:attachment":[{"href":"https:\/\/defrentealaverdad.com\/index.php\/wp-json\/wp\/v2\/media?parent=40162"}],"wp:term":[{"taxonomy":"category","embeddable":true,"href":"https:\/\/defrentealaverdad.com\/index.php\/wp-json\/wp\/v2\/categories?post=40162"},{"taxonomy":"post_tag","embeddable":true,"href":"https:\/\/defrentealaverdad.com\/index.php\/wp-json\/wp\/v2\/tags?post=40162"}],"curies":[{"name":"wp","href":"https:\/\/api.w.org\/{rel}","templated":true}]}}