{"id":4016,"date":"2023-03-28T13:07:07","date_gmt":"2023-03-28T13:07:07","guid":{"rendered":"https:\/\/defrentealaverdad.com\/?p=4016"},"modified":"2023-03-28T13:07:31","modified_gmt":"2023-03-28T13:07:31","slug":"parlacen-solicita-a-estados-unidos-renegociar-el-dr-cafta","status":"publish","type":"post","link":"https:\/\/defrentealaverdad.com\/index.php\/2023\/03\/28\/parlacen-solicita-a-estados-unidos-renegociar-el-dr-cafta\/","title":{"rendered":"Parlacen solicita a Estados Unidos renegociar el DR-Cafta"},"content":{"rendered":"<p style=\"text-align: justify;\"><img decoding=\"async\" data-src=\"https:\/\/resources.diariolibre.com\/images\/2023\/03\/28\/imagen-270323sesion-del-parlacen792-b61c1ace-focus-0-0-895-573.jpg\" alt=\"Parlacen solicita a Estados Unidos renegociar el DR-Cafta\" src=\"data:image\/svg+xml;base64,PHN2ZyB3aWR0aD0iMSIgaGVpZ2h0PSIxIiB4bWxucz0iaHR0cDovL3d3dy53My5vcmcvMjAwMC9zdmciPjwvc3ZnPg==\" class=\"lazyload\" \/><\/p>\n<p style=\"text-align: justify;\">El Parlamento Centroamericano (Parlacen) solicit\u00f3 a los Estados Unidos a renegociar el Tratado de Libre Comercio con Rep\u00fablica Dominicana y Centroam\u00e9rica (<strong>DR-Cafta<\/strong>) a fin de proteger a los\u00a0<strong>productores arroceros<\/strong>\u00a0de varios pa\u00edses ante el desmonte arancelario previsto.<\/p>\n<p style=\"text-align: justify;\">Los parlamentarios acogieron una propuesta presentada por el diputado al Parlacen,\u00a0<strong>Ram\u00f3n Emilio Gori Taveras<\/strong>, presidente del Partido Humanista Dominicano (PHD). La propuesta fue admitida ayer y qued\u00f3 pendiente introducirle modificaciones a la iniciativa, seg\u00fan lo que explic\u00f3 su proponente.<\/p>\n<p style=\"text-align: justify;\">El gobierno de Luis Abinader busca encontrar una\u00a0soluci\u00f3n\u00a0anticipada al impacto econ\u00f3mico que tendr\u00eda la desgravaci\u00f3n\u00a0arancelaria\u00a0total que se aproxima para el\u00a0<strong>arroz<\/strong>\u00a0importado desde Estados Unidos, a partir del 2025.<\/p>\n<p style=\"text-align: justify;\">Sin embargo, el gobierno estadounidense\u00a0le ha hecho saber al pa\u00eds que \u201cno apoya\u00a0la reapertura o renegociaci\u00f3n del compromiso de acceso al mercado\u201d bajo el\u00a0<strong>DR-Cafta<\/strong>, (por sus siglas en ingl\u00e9s).<\/p>\n<p style=\"text-align: justify;\">\u201cYa nosotros dijimos en la Asamblea Nacional (el 27 de febrero) que nosotros\u00a0no vamos a permitir que se abra el mercado en la parte arrocera, porque ellos tambi\u00e9n est\u00e1n subsidiando (al sector arrocero)\u00bb, insisti\u00f3 Abinader recientemente.<\/p>\n<p style=\"text-align: justify;\">El mandatario cre\u00f3 una comisi\u00f3n para analizar los pasos a dar.<\/p>\n<h2 style=\"text-align: justify;\">Seguridad alimentaria<\/h2>\n<p style=\"text-align: justify;\">Sobre la necesidad de garantizar la seguridad alimentaria de varios pa\u00edses, incluyendo la Rep\u00fablica Dominicana se refirieron el presidente del Parlacen, el diputado paname\u00f1o Amado Cerrud Acevedo, la vicepresidenta de la Rep\u00fablica, Raquel Pe\u00f1a y el presidente de la C\u00e1mara de Diputados. Cerrud Acevedo afirm\u00f3 el\u00a0<strong>DR-Cafta<\/strong>\u00a0afecta, adem\u00e1s de la Rep\u00fablica Dominicana, a Guatemala, Honduras, Nicaragua y a El Salvador.<\/p>\n<h2 style=\"text-align: justify;\">Acuerdo con la OIM<\/h2>\n<p style=\"text-align: justify;\">Ayer, el Parlacen firm\u00f3 un acuerdo de cooperaci\u00f3n con la Organizaci\u00f3n Internacional para las Migraciones de la ONU. Cerrud Acevedo y Michele Klein rubricaron el acuerdo. A trav\u00e9s del mismo el Parlacen se compromete con la OIM a impulsar el proceso regulatorio en Centroam\u00e9rica y garantizar los derechos de los migrantes.<\/p>\n<p>&nbsp;<\/p>\n<p>Fuente: Diario Libre<\/p>\n","protected":false},"excerpt":{"rendered":"<p>El Parlamento Centroamericano (Parlacen) solicit\u00f3 a los Estados Unidos a renegociar el Tratado de Libre<\/p>\n","protected":false},"author":1,"featured_media":0,"comment_status":"open","ping_status":"open","sticky":false,"template":"","format":"standard","meta":{"footnotes":""},"categories":[2,16],"tags":[],"class_list":["post-4016","post","type-post","status-publish","format-standard","hentry","category-economicas","category-internacionales"],"_links":{"self":[{"href":"https:\/\/defrentealaverdad.com\/index.php\/wp-json\/wp\/v2\/posts\/4016","targetHints":{"allow":["GET"]}}],"collection":[{"href":"https:\/\/defrentealaverdad.com\/index.php\/wp-json\/wp\/v2\/posts"}],"about":[{"href":"https:\/\/defrentealaverdad.com\/index.php\/wp-json\/wp\/v2\/types\/post"}],"author":[{"embeddable":true,"href":"https:\/\/defrentealaverdad.com\/index.php\/wp-json\/wp\/v2\/users\/1"}],"replies":[{"embeddable":true,"href":"https:\/\/defrentealaverdad.com\/index.php\/wp-json\/wp\/v2\/comments?post=4016"}],"version-history":[{"count":2,"href":"https:\/\/defrentealaverdad.com\/index.php\/wp-json\/wp\/v2\/posts\/4016\/revisions"}],"predecessor-version":[{"id":4018,"href":"https:\/\/defrentealaverdad.com\/index.php\/wp-json\/wp\/v2\/posts\/4016\/revisions\/4018"}],"wp:attachment":[{"href":"https:\/\/defrentealaverdad.com\/index.php\/wp-json\/wp\/v2\/media?parent=4016"}],"wp:term":[{"taxonomy":"category","embeddable":true,"href":"https:\/\/defrentealaverdad.com\/index.php\/wp-json\/wp\/v2\/categories?post=4016"},{"taxonomy":"post_tag","embeddable":true,"href":"https:\/\/defrentealaverdad.com\/index.php\/wp-json\/wp\/v2\/tags?post=4016"}],"curies":[{"name":"wp","href":"https:\/\/api.w.org\/{rel}","templated":true}]}}