{"id":40153,"date":"2025-02-23T20:54:03","date_gmt":"2025-02-23T20:54:03","guid":{"rendered":"https:\/\/defrentealaverdad.com\/?p=40153"},"modified":"2025-02-24T00:55:58","modified_gmt":"2025-02-24T00:55:58","slug":"opinion-invitada-el-alza-del-dolar-otro-dolor-de-cabeza-para-los-dominicanos","status":"publish","type":"post","link":"https:\/\/defrentealaverdad.com\/index.php\/2025\/02\/23\/opinion-invitada-el-alza-del-dolar-otro-dolor-de-cabeza-para-los-dominicanos\/","title":{"rendered":"Opini\u00f3n Invitada: El alza del d\u00f3lar: otro dolor de cabeza para los dominicanos"},"content":{"rendered":"<p style=\"text-align: justify;\">La constante depreciaci\u00f3n del peso dominicano frente al d\u00f3lar se ha convertido en una preocupaci\u00f3n cada vez mayor para la poblaci\u00f3n, especialmente para la clase media, que ve c\u00f3mo su poder adquisitivo se reduce d\u00eda tras d\u00eda. En un contexto donde la econom\u00eda global enfrenta incertidumbres y factores internos como el endeudamiento y la inflaci\u00f3n ejercen presi\u00f3n sobre la moneda local, el alza del d\u00f3lar se traduce en un incremento en el costo de vida y una mayor dificultad para cubrir necesidades b\u00e1sicas.<\/p>\n<p style=\"text-align: justify;\">El aumento del valor del d\u00f3lar encarece los productos importados, desde alimentos hasta medicinas, pasando por electrodom\u00e9sticos y materiales de construcci\u00f3n. Esto afecta directamente a la clase media, cuyos ingresos no crecen al mismo ritmo que los precios. En consecuencia, muchas familias que antes pod\u00edan mantener cierto nivel de estabilidad econ\u00f3mica ahora enfrentan dificultades para cubrir sus gastos esenciales.<\/p>\n<p style=\"text-align: justify;\">Adem\u00e1s, los pr\u00e9stamos y deudas en d\u00f3lares representan una carga a\u00fan m\u00e1s pesada, ya que las cuotas mensuales aumentan en t\u00e9rminos de pesos. Esto impacta tanto a las peque\u00f1as y medianas empresas como a individuos con compromisos financieros en moneda extranjera.<\/p>\n<p style=\"text-align: justify;\">El alza del d\u00f3lar tambi\u00e9n golpea a sectores clave de la econom\u00eda dominicana. El comercio, la construcci\u00f3n y la industria manufacturera dependen en gran medida de la importaci\u00f3n de insumos y materias primas, lo que incrementa sus costos operativos. Como resultado, muchas empresas trasladan esos aumentos al consumidor final, elevando a\u00fan m\u00e1s los precios en el mercado.<\/p>\n<p style=\"text-align: justify;\">Por otro lado, el turismo, uno de los pilares econ\u00f3micos del pa\u00eds, puede beneficiarse parcialmente de un d\u00f3lar alto, ya que los extranjeros encuentran m\u00e1s atractivos los precios en Rep\u00fablica Dominicana. Sin embargo, este beneficio no compensa los efectos negativos sobre la poblaci\u00f3n local.<\/p>\n<p style=\"text-align: justify;\">Ante este panorama, es necesario que las autoridades implementen estrategias para mitigar el impacto de la devaluaci\u00f3n del peso. Entre las posibles medidas est\u00e1n:<\/p>\n<p style=\"text-align: justify;\">\u25aa\ufe0ePol\u00edticas monetarias m\u00e1s agresivas para estabilizar la tasa de cambio<\/p>\n<p style=\"text-align: justify;\">\u25aa\ufe0e Incentivos a la producci\u00f3n local para reducir la dependencia de productos importados<\/p>\n<p style=\"text-align: justify;\">\u25aa\ufe0e Apoyo a la clase media y sectores vulnerables a trav\u00e9s de programas de subsidios y control de precios en productos b\u00e1sicos<\/p>\n<p style=\"text-align: justify;\">\u25aa\ufe0e Atracci\u00f3n de inversi\u00f3n extranjera para fortalecer la econom\u00eda y generar empleos.<\/p>\n<p style=\"text-align: justify;\">Mientras tanto, los dominicanos siguen enfrentando el desaf\u00edo de ajustarse a una econom\u00eda cada vez m\u00e1s costosa, con la incertidumbre de hasta d\u00f3nde llegar\u00e1 el valor del d\u00f3lar y c\u00f3mo afectar\u00e1 sus bolsillos en los pr\u00f3ximos meses es as\u00ed c\u00f3mo la juventud dominicana se siente m\u00e1s desanimada por los costosos cambios que esto conlleva<\/p>\n<p style=\"text-align: justify;\">Fuente: Walddy Polanco<\/p>\n","protected":false},"excerpt":{"rendered":"<p>La constante depreciaci\u00f3n del peso dominicano frente al d\u00f3lar se ha convertido en una preocupaci\u00f3n<\/p>\n","protected":false},"author":1,"featured_media":40155,"comment_status":"open","ping_status":"open","sticky":false,"template":"","format":"standard","meta":{"footnotes":""},"categories":[4],"tags":[],"class_list":["post-40153","post","type-post","status-publish","format-standard","has-post-thumbnail","hentry","category-opiniones"],"_links":{"self":[{"href":"https:\/\/defrentealaverdad.com\/index.php\/wp-json\/wp\/v2\/posts\/40153","targetHints":{"allow":["GET"]}}],"collection":[{"href":"https:\/\/defrentealaverdad.com\/index.php\/wp-json\/wp\/v2\/posts"}],"about":[{"href":"https:\/\/defrentealaverdad.com\/index.php\/wp-json\/wp\/v2\/types\/post"}],"author":[{"embeddable":true,"href":"https:\/\/defrentealaverdad.com\/index.php\/wp-json\/wp\/v2\/users\/1"}],"replies":[{"embeddable":true,"href":"https:\/\/defrentealaverdad.com\/index.php\/wp-json\/wp\/v2\/comments?post=40153"}],"version-history":[{"count":1,"href":"https:\/\/defrentealaverdad.com\/index.php\/wp-json\/wp\/v2\/posts\/40153\/revisions"}],"predecessor-version":[{"id":40154,"href":"https:\/\/defrentealaverdad.com\/index.php\/wp-json\/wp\/v2\/posts\/40153\/revisions\/40154"}],"wp:featuredmedia":[{"embeddable":true,"href":"https:\/\/defrentealaverdad.com\/index.php\/wp-json\/wp\/v2\/media\/40155"}],"wp:attachment":[{"href":"https:\/\/defrentealaverdad.com\/index.php\/wp-json\/wp\/v2\/media?parent=40153"}],"wp:term":[{"taxonomy":"category","embeddable":true,"href":"https:\/\/defrentealaverdad.com\/index.php\/wp-json\/wp\/v2\/categories?post=40153"},{"taxonomy":"post_tag","embeddable":true,"href":"https:\/\/defrentealaverdad.com\/index.php\/wp-json\/wp\/v2\/tags?post=40153"}],"curies":[{"name":"wp","href":"https:\/\/api.w.org\/{rel}","templated":true}]}}