{"id":40150,"date":"2025-02-22T00:51:45","date_gmt":"2025-02-22T00:51:45","guid":{"rendered":"https:\/\/defrentealaverdad.com\/?p=40150"},"modified":"2025-02-24T00:53:07","modified_gmt":"2025-02-24T00:53:07","slug":"digesett-lleva-a-constanza-el-programa-un-casco-para-salvar-tu-vida","status":"publish","type":"post","link":"https:\/\/defrentealaverdad.com\/index.php\/2025\/02\/22\/digesett-lleva-a-constanza-el-programa-un-casco-para-salvar-tu-vida\/","title":{"rendered":"DIGESETT lleva a Constanza el programa \u201cUn Casco Para Salvar Tu Vida\u201d"},"content":{"rendered":"<blockquote>\n<p style=\"text-align: justify;\">Esta iniciativa est\u00e1 cambiando el rumbo de la seguridad vial sum\u00e1ndose a ella la afiliaci\u00f3n de seguro SeNaSa para los motoristas<\/p>\n<\/blockquote>\n<p style=\"text-align: justify;\"><strong>Constanza.<\/strong> \u2014 En un esfuerzo continuo de promover la educaci\u00f3n vial y mejorar la seguridad de los motoristas en la Rep\u00fablica Dominicana, el director de la Direcci\u00f3n General de Seguridad de Tr\u00e1nsito y Transporte Terrestre (DIGESETT), general Francisco Osoria de la Cruz, P.N., llev\u00f3 al municipio de Constanza su programa \u201cUn Casco Para Salvar Tu Vida\u201d, unido al servicio de afiliaci\u00f3n del Seguro Nacional de Salud (SeNaSa).<\/p>\n<p style=\"text-align: justify;\">Este evento que se realiz\u00f3 en el Sal\u00f3n Multiuso Cultural cont\u00f3 con charlas educativas, entrega de casco protector a todos los conductores de motores que estuvieron presente, as\u00ed como tambi\u00e9n la afiliaci\u00f3n al seguro SeNaSa.<\/p>\n<p style=\"text-align: justify;\">Durante la actividad, que reuni\u00f3 a un numeroso p\u00fablico de motoristas, se destac\u00f3 la importancia de la prevenci\u00f3n de accidentes y el uso adecuado del casco protector.<\/p>\n<blockquote>\n<p style=\"text-align: justify;\">\u201cNuestra misi\u00f3n es salvar vidas a trav\u00e9s de la educaci\u00f3n y la concientizaci\u00f3n, por eso llevamos a cada rinc\u00f3n del pa\u00eds este programa \u201cUn Casco Para Salvar Tu Vida\u201d, junto a la afiliaci\u00f3n del seguro SeNaSa para que ustedes protejan su vida. Cada casco que entregamos representa una vida que puede ser protegida\u00bb, expres\u00f3 el director de DIGESETT.<\/p>\n<\/blockquote>\n<p style=\"text-align: justify;\">El evento cont\u00f3 con la presencia de importantes autoridades locales, quienes respaldaron la iniciativa. Estuvieron presentes en representaci\u00f3n de la gobernadora Luisa Jim\u00e9nez, el licenciado Wady Brea (del consejo presidencial); el alcalde municipal de Constanza, Francisco Marte; la diputada Gabriela Abreu; el general Juan Pablo Ferreira, director regional de la Preventiva de La Vega; Mayor Gral. Piloto (R), V\u00edctor Reynoso (FARD); el regional de La Vega, coronel Garc\u00eda Paniagua y dem\u00e1s autoridades.<\/p>\n<p style=\"text-align: justify;\">El alcalde Francisco Marte, expres\u00f3 que los motoristas tienen el deber de protegerse usando el casco protector y conducir con responsabilidad. Agradeci\u00f3 y apoy\u00f3 la iniciativa del director de la DIGESETT, el general Osoria, por traer protecci\u00f3n al municipio de Constanza.<\/p>\n<p style=\"text-align: justify;\">Durante la charla, se present\u00f3 informaci\u00f3n vital sobre las normativas de tr\u00e1nsito, consejos de seguridad y la relevancia del uso del casco.<\/p>\n<p style=\"text-align: justify;\">Esta iniciativa forma parte del programa de la DIGESETT que ha recorrido diferentes rincones del pa\u00eds, llevando no solo educaci\u00f3n, sino tambi\u00e9n herramientas concretas para mejorar la seguridad vial y el bienestar de los ciudadanos, adem\u00e1s de la afiliaci\u00f3n de seguros SeNaSa para los motoristas.<\/p>\n<p style=\"text-align: justify;\">La DIGESETT reafirma su compromiso de seguir trabajando por un pa\u00eds m\u00e1s seguro, donde cada motorista est\u00e9 protegido y conozca las normativas que rigen el tr\u00e1nsito, contribuyendo as\u00ed a la reducci\u00f3n de accidentes y mejorando la calidad de vida de todos los dominicanos.<\/p>\n<p>Fuente: Depto. Comunicaciones DIGESETT<\/p>\n","protected":false},"excerpt":{"rendered":"<p>Esta iniciativa est\u00e1 cambiando el rumbo de la seguridad vial sum\u00e1ndose a ella la afiliaci\u00f3n<\/p>\n","protected":false},"author":1,"featured_media":40151,"comment_status":"open","ping_status":"open","sticky":false,"template":"","format":"standard","meta":{"footnotes":""},"categories":[7],"tags":[],"class_list":["post-40150","post","type-post","status-publish","format-standard","has-post-thumbnail","hentry","category-nacionales"],"_links":{"self":[{"href":"https:\/\/defrentealaverdad.com\/index.php\/wp-json\/wp\/v2\/posts\/40150","targetHints":{"allow":["GET"]}}],"collection":[{"href":"https:\/\/defrentealaverdad.com\/index.php\/wp-json\/wp\/v2\/posts"}],"about":[{"href":"https:\/\/defrentealaverdad.com\/index.php\/wp-json\/wp\/v2\/types\/post"}],"author":[{"embeddable":true,"href":"https:\/\/defrentealaverdad.com\/index.php\/wp-json\/wp\/v2\/users\/1"}],"replies":[{"embeddable":true,"href":"https:\/\/defrentealaverdad.com\/index.php\/wp-json\/wp\/v2\/comments?post=40150"}],"version-history":[{"count":1,"href":"https:\/\/defrentealaverdad.com\/index.php\/wp-json\/wp\/v2\/posts\/40150\/revisions"}],"predecessor-version":[{"id":40152,"href":"https:\/\/defrentealaverdad.com\/index.php\/wp-json\/wp\/v2\/posts\/40150\/revisions\/40152"}],"wp:featuredmedia":[{"embeddable":true,"href":"https:\/\/defrentealaverdad.com\/index.php\/wp-json\/wp\/v2\/media\/40151"}],"wp:attachment":[{"href":"https:\/\/defrentealaverdad.com\/index.php\/wp-json\/wp\/v2\/media?parent=40150"}],"wp:term":[{"taxonomy":"category","embeddable":true,"href":"https:\/\/defrentealaverdad.com\/index.php\/wp-json\/wp\/v2\/categories?post=40150"},{"taxonomy":"post_tag","embeddable":true,"href":"https:\/\/defrentealaverdad.com\/index.php\/wp-json\/wp\/v2\/tags?post=40150"}],"curies":[{"name":"wp","href":"https:\/\/api.w.org\/{rel}","templated":true}]}}