{"id":40147,"date":"2025-02-23T20:47:51","date_gmt":"2025-02-23T20:47:51","guid":{"rendered":"https:\/\/defrentealaverdad.com\/?p=40147"},"modified":"2025-02-24T00:49:17","modified_gmt":"2025-02-24T00:49:17","slug":"gremios-periodisticos-se-unen-por-proteccion-de-cuevas-el-pomier","status":"publish","type":"post","link":"https:\/\/defrentealaverdad.com\/index.php\/2025\/02\/23\/gremios-periodisticos-se-unen-por-proteccion-de-cuevas-el-pomier\/","title":{"rendered":"Gremios period\u00edsticos se unen por protecci\u00f3n de Cuevas El Pomier"},"content":{"rendered":"<p style=\"text-align: justify;\">San Crist\u00f3bal, RD- El Colegio Dominicano de Periodistas (CDP), el Sindicato Nacional de Trabajadores de la Prensa (SNTP), el Instituto de Previsi\u00f3n y Protecci\u00f3n del Periodista (IPPP) y la Cooperativa Nacional de la Prensa, expresaron oficialmente su apoyo a la necesidad de que se garantice la protecci\u00f3n de las Cuevas El Pomier, consideradas patrimonio cultural de la humanidad.<\/p>\n<p style=\"text-align: justify;\">La manifestaci\u00f3n de dicho respaldo, se realiz\u00f3 a trav\u00e9s de un tour period\u00edstico en la ciudad de San Crist\u00f3bal, que adem\u00e1s de visitar las Cuevas de El Pomier incluy\u00f3 otros monumentos locales.<\/p>\n<p style=\"text-align: justify;\">El amplio recorrido, inici\u00f3 con un acto en el Monumento a los Constituyentes, al que se dio cita el alcalde Nelson de la Rosa y la gobernadora Pura Casilla, quienes valoraron positivamente el inter\u00e9s de la prensa nacional por cuidar las Cuevas y otros recursos culturales del pa\u00eds.<\/p>\n<p style=\"text-align: justify;\">En el Monumento a los Constituyentes, el presidente del CDP, Aurelio Henr\u00edquez, puntualiz\u00f3 que es necesario que las autoridades garanticen el cuidado de las Cuevas ante cualquier elemento que pueda ponerlas en peligro.<\/p>\n<p style=\"text-align: justify;\">De su lado, el secretario nacional del SNTP, Jos\u00e9 Beato, hizo un llamado al presidente Luis Abinader para que se tom\u00e9 una decisi\u00f3n adecuada con el caso de las Cuevas, y m\u00e1s ante las denuncias sociales de que la miner\u00eda en esa zona, est\u00e1 perjudicando el recurso patrimonial.<\/p>\n<p style=\"text-align: justify;\">Posteriormente, los comunicadores aglutinados, recorrieron la Parroquia Nuestra Se\u00f1ora de la Consolaci\u00f3n, el Castillo del Cerro hasta culminar en Las Cuevas de El Pomier.<\/p>\n<p style=\"text-align: justify;\">Durante todo el recorrido, los asistentes fueron guiados por el profesor Eugenio Gal\u00e1n, quien ofreci\u00f3 explicaciones hist\u00f3ricas de cada uno de los monumentos visitados.<\/p>\n<p style=\"text-align: justify;\">Los participantes del tour period\u00edstico fueron transportados c\u00f3modamente a cada uno de los destinos, asimismo disfrutaron de refrigerio y material educativo sobre San Crist\u00f3bal.<\/p>\n<p style=\"text-align: justify;\">El tour period\u00edstico fue ideado por la destacada periodista, Mercedes Castillo, en conjunto con la direcci\u00f3n de los gremios period\u00edsticos, y las filiales del CDP y el SNTP en San Crist\u00f3bal, que dirigen \u00c0ngel Cabrera y Julio Delgadillo, respectivamente, bajo la asesor\u00eda de Miguelin Rodr\u00edguez.<\/p>\n<p>Fuente: Externa<\/p>\n","protected":false},"excerpt":{"rendered":"<p>San Crist\u00f3bal, RD- El Colegio Dominicano de Periodistas (CDP), el Sindicato Nacional de Trabajadores de<\/p>\n","protected":false},"author":1,"featured_media":40148,"comment_status":"open","ping_status":"open","sticky":false,"template":"","format":"standard","meta":{"footnotes":""},"categories":[7],"tags":[],"class_list":["post-40147","post","type-post","status-publish","format-standard","has-post-thumbnail","hentry","category-nacionales"],"_links":{"self":[{"href":"https:\/\/defrentealaverdad.com\/index.php\/wp-json\/wp\/v2\/posts\/40147","targetHints":{"allow":["GET"]}}],"collection":[{"href":"https:\/\/defrentealaverdad.com\/index.php\/wp-json\/wp\/v2\/posts"}],"about":[{"href":"https:\/\/defrentealaverdad.com\/index.php\/wp-json\/wp\/v2\/types\/post"}],"author":[{"embeddable":true,"href":"https:\/\/defrentealaverdad.com\/index.php\/wp-json\/wp\/v2\/users\/1"}],"replies":[{"embeddable":true,"href":"https:\/\/defrentealaverdad.com\/index.php\/wp-json\/wp\/v2\/comments?post=40147"}],"version-history":[{"count":1,"href":"https:\/\/defrentealaverdad.com\/index.php\/wp-json\/wp\/v2\/posts\/40147\/revisions"}],"predecessor-version":[{"id":40149,"href":"https:\/\/defrentealaverdad.com\/index.php\/wp-json\/wp\/v2\/posts\/40147\/revisions\/40149"}],"wp:featuredmedia":[{"embeddable":true,"href":"https:\/\/defrentealaverdad.com\/index.php\/wp-json\/wp\/v2\/media\/40148"}],"wp:attachment":[{"href":"https:\/\/defrentealaverdad.com\/index.php\/wp-json\/wp\/v2\/media?parent=40147"}],"wp:term":[{"taxonomy":"category","embeddable":true,"href":"https:\/\/defrentealaverdad.com\/index.php\/wp-json\/wp\/v2\/categories?post=40147"},{"taxonomy":"post_tag","embeddable":true,"href":"https:\/\/defrentealaverdad.com\/index.php\/wp-json\/wp\/v2\/tags?post=40147"}],"curies":[{"name":"wp","href":"https:\/\/api.w.org\/{rel}","templated":true}]}}