{"id":40144,"date":"2025-02-22T00:40:52","date_gmt":"2025-02-22T00:40:52","guid":{"rendered":"https:\/\/defrentealaverdad.com\/?p=40144"},"modified":"2025-02-24T00:42:10","modified_gmt":"2025-02-24T00:42:10","slug":"itado-50-anos-contribuyendo-al-desarrollo-inmobiliario-nacional","status":"publish","type":"post","link":"https:\/\/defrentealaverdad.com\/index.php\/2025\/02\/22\/itado-50-anos-contribuyendo-al-desarrollo-inmobiliario-nacional\/","title":{"rendered":"ITADO: 50 a\u00f1os contribuyendo al desarrollo inmobiliario nacional"},"content":{"rendered":"<blockquote>\n<p style=\"text-align: justify;\">La cartera de pre\u0301stamos hipotecarios en la Repu\u0301blica Dominicana crecio\u0301 un 14% en 2024 en comparacio\u0301n con el an\u0303o anterior, reflejando un incremento de RD$47,860 millones.<\/p>\n<\/blockquote>\n<p style=\"text-align: justify;\"><strong>Santo Domingo.-<\/strong> Los tasadores son asesores que ayudan a evitar las estafas inmobiliarias, realizando las tasaciones de pr\u00e9stamos hipotecarios para garantizar una justa valoraci\u00f3n.<\/p>\n<blockquote>\n<p style=\"text-align: justify;\">\u201cEn septiembre de 2023 la tasa promedio para pr\u00e9stamos hipotecarios era de 11.5%, mientras que en septiembre de 2024 se redujo ligeramente a 11.2%. Estos datos reflejan un crecimiento sostenido del cr\u00e9dito hipotecario y una leve reducci\u00f3n en la tasa de inter\u00e9s. afirm\u00f3 Fernando Ram\u00edrez, Presidente del ITADO.<\/p>\n<\/blockquote>\n<p style=\"text-align: justify;\"><em>\u201cEsto indica una mayor inversi\u00f3n en el sector inmobiliario y una demanda constante de financiamiento para la adquisici\u00f3n o mejora de viviendas en el pa\u00eds\u201d<\/em>, a\u00f1adi\u00f3 Ram\u00edrez durante la ofrenda floral en el Altar de la Patria por motivo del 50 aniversario del ITADO, encabezado por la Directiva Nacional, Regional, pasados presidentes, miembros y relacionados.<\/p>\n<blockquote>\n<p style=\"text-align: justify;\">\u201cDurante cinco d\u00e9cadas, el ITADO ha trabajado con esmero para fortalecer el ejercicio de la tasaci\u00f3n en nuestro pa\u00eds, contribuyendo al desarrollo econ\u00f3mico y social\u201d indic\u00f3 Ram\u00edrez.<\/p>\n<\/blockquote>\n<p style=\"text-align: justify;\">Al referirse a los padres de la Patria, Ram\u00edrez declar\u00f3: <em>\u201cas\u00ed como ellos dedicaron sus vidas a la construcci\u00f3n de una naci\u00f3n libre y soberana, nosotros reafirmamos hoy nuestro compromiso con la \u00e9tica, la excelencia y el servicio, para seguir construyendo un futuro m\u00e1s s\u00f3lido y equitativo\u201d.<\/em><\/p>\n<p style=\"text-align: justify;\">ITADO dio inicio a la celebraci\u00f3n de su 50 aniversario con una misa en la Catedral Primada de Am\u00e9rica, y anunci\u00f3 ser el anfitri\u00f3n de un congreso internacional, sumado al crecimiento sostenido de su membres\u00eda y la expansi\u00f3n regional.<\/p>\n<p style=\"text-align: justify;\">El Instituto de Tasadores Dominicano fue fundado el 27 de febrero de 1975 y respaldada por el Decreto No. 1413 del 24 de octubre de 1975, como la \u00fanica organizaci\u00f3n de tasadores de bienes y servicios en el pa\u00eds.<\/p>\n<p>Fuente: ITADO<\/p>\n","protected":false},"excerpt":{"rendered":"<p>La cartera de pre\u0301stamos hipotecarios en la Repu\u0301blica Dominicana crecio\u0301 un 14% en 2024 en<\/p>\n","protected":false},"author":4,"featured_media":40145,"comment_status":"open","ping_status":"open","sticky":false,"template":"","format":"standard","meta":{"footnotes":""},"categories":[7],"tags":[],"class_list":["post-40144","post","type-post","status-publish","format-standard","has-post-thumbnail","hentry","category-nacionales"],"_links":{"self":[{"href":"https:\/\/defrentealaverdad.com\/index.php\/wp-json\/wp\/v2\/posts\/40144","targetHints":{"allow":["GET"]}}],"collection":[{"href":"https:\/\/defrentealaverdad.com\/index.php\/wp-json\/wp\/v2\/posts"}],"about":[{"href":"https:\/\/defrentealaverdad.com\/index.php\/wp-json\/wp\/v2\/types\/post"}],"author":[{"embeddable":true,"href":"https:\/\/defrentealaverdad.com\/index.php\/wp-json\/wp\/v2\/users\/4"}],"replies":[{"embeddable":true,"href":"https:\/\/defrentealaverdad.com\/index.php\/wp-json\/wp\/v2\/comments?post=40144"}],"version-history":[{"count":1,"href":"https:\/\/defrentealaverdad.com\/index.php\/wp-json\/wp\/v2\/posts\/40144\/revisions"}],"predecessor-version":[{"id":40146,"href":"https:\/\/defrentealaverdad.com\/index.php\/wp-json\/wp\/v2\/posts\/40144\/revisions\/40146"}],"wp:featuredmedia":[{"embeddable":true,"href":"https:\/\/defrentealaverdad.com\/index.php\/wp-json\/wp\/v2\/media\/40145"}],"wp:attachment":[{"href":"https:\/\/defrentealaverdad.com\/index.php\/wp-json\/wp\/v2\/media?parent=40144"}],"wp:term":[{"taxonomy":"category","embeddable":true,"href":"https:\/\/defrentealaverdad.com\/index.php\/wp-json\/wp\/v2\/categories?post=40144"},{"taxonomy":"post_tag","embeddable":true,"href":"https:\/\/defrentealaverdad.com\/index.php\/wp-json\/wp\/v2\/tags?post=40144"}],"curies":[{"name":"wp","href":"https:\/\/api.w.org\/{rel}","templated":true}]}}