{"id":40129,"date":"2025-02-23T20:22:27","date_gmt":"2025-02-23T20:22:27","guid":{"rendered":"https:\/\/defrentealaverdad.com\/?p=40129"},"modified":"2025-02-24T00:24:29","modified_gmt":"2025-02-24T00:24:29","slug":"santiago-celebra-por-todo-lo-alto-tercer-domingo-de-carnaval-con-apoyo-masivo-de-turistas","status":"publish","type":"post","link":"https:\/\/defrentealaverdad.com\/index.php\/2025\/02\/23\/santiago-celebra-por-todo-lo-alto-tercer-domingo-de-carnaval-con-apoyo-masivo-de-turistas\/","title":{"rendered":"Santiago celebra por todo lo alto tercer domingo de carnaval con apoyo masivo de turistas"},"content":{"rendered":"<p style=\"text-align: justify;\"><strong>Santiago de los Caballeros, febrero de 2025<\/strong> \u2013 La ciudad de Santiago vibr\u00f3 este domingo con el colorido, la m\u00fasica y la alegr\u00eda del tercer domingo de su tradicional carnaval, que cont\u00f3 con un masivo respaldo de familias, turistas y amantes de esta expresi\u00f3n cultural.<\/p>\n<p style=\"text-align: justify;\">El desfile de comparsas y grupos carnavaleros llen\u00f3 de vida el Parque Central, reafirmando el valor de esta celebraci\u00f3n como una de las m\u00e1s importantes del pa\u00eds.<\/p>\n<p style=\"text-align: justify;\">Entre los asistentes junto al Alcalde de Santiago, Ulises Rodr\u00edguez estuvo el senador de Santiago, Daniel Rivera; el ministro de Cultura, Roberto \u00c1ngel Salcedo; la directora general de \u00c9tica e Integridad Gubernamental, Milagros Ortiz Bosch y la gobernadora, Rosa Santos, quienes resaltaron la relevancia del evento para el fortalecimiento de la identidad y el turismo local.<\/p>\n<blockquote>\n<p style=\"text-align: justify;\">El alcalde de Santiago, Ulises Rodr\u00edguez, destac\u00f3 que \u201cel carnaval representa una manifestaci\u00f3n cultural \u00fanica que contin\u00faa atrayendo a visitantes internacionales\u201d.<\/p>\n<\/blockquote>\n<p style=\"text-align: justify;\">En esta ocasi\u00f3n, expres\u00f3 que, turistas de Panam\u00e1, Australia, Barbados, Estados Unidos, Aruba y Canad\u00e1, disfrutaron de la magia y el folclore de esta festividad, evidenciando su impacto m\u00e1s all\u00e1 de las fronteras dominicanas.<\/p>\n<p style=\"text-align: justify;\">La m\u00fasica fue protagonista con presentaciones de Donatty, Fefita La Grande y Amenazzy, quienes pusieron a bailar al p\u00fablico con sus contagiosos ritmos.<\/p>\n<p style=\"text-align: justify;\">El carnaval de Santiago continuar\u00e1 el pr\u00f3ximo domingo 2 de marzo con el gran cierre de su edici\u00f3n 2025, prometiendo una jornada llena de emoci\u00f3n, cultura y tradici\u00f3n.<\/p>\n<p>Fuente: Alcad\u00eda Santiago<\/p>\n","protected":false},"excerpt":{"rendered":"<p>Santiago de los Caballeros, febrero de 2025 \u2013 La ciudad de Santiago vibr\u00f3 este domingo<\/p>\n","protected":false},"author":1,"featured_media":40130,"comment_status":"open","ping_status":"open","sticky":false,"template":"","format":"standard","meta":{"footnotes":""},"categories":[245],"tags":[],"class_list":["post-40129","post","type-post","status-publish","format-standard","has-post-thumbnail","hentry","category-cultura"],"_links":{"self":[{"href":"https:\/\/defrentealaverdad.com\/index.php\/wp-json\/wp\/v2\/posts\/40129","targetHints":{"allow":["GET"]}}],"collection":[{"href":"https:\/\/defrentealaverdad.com\/index.php\/wp-json\/wp\/v2\/posts"}],"about":[{"href":"https:\/\/defrentealaverdad.com\/index.php\/wp-json\/wp\/v2\/types\/post"}],"author":[{"embeddable":true,"href":"https:\/\/defrentealaverdad.com\/index.php\/wp-json\/wp\/v2\/users\/1"}],"replies":[{"embeddable":true,"href":"https:\/\/defrentealaverdad.com\/index.php\/wp-json\/wp\/v2\/comments?post=40129"}],"version-history":[{"count":1,"href":"https:\/\/defrentealaverdad.com\/index.php\/wp-json\/wp\/v2\/posts\/40129\/revisions"}],"predecessor-version":[{"id":40131,"href":"https:\/\/defrentealaverdad.com\/index.php\/wp-json\/wp\/v2\/posts\/40129\/revisions\/40131"}],"wp:featuredmedia":[{"embeddable":true,"href":"https:\/\/defrentealaverdad.com\/index.php\/wp-json\/wp\/v2\/media\/40130"}],"wp:attachment":[{"href":"https:\/\/defrentealaverdad.com\/index.php\/wp-json\/wp\/v2\/media?parent=40129"}],"wp:term":[{"taxonomy":"category","embeddable":true,"href":"https:\/\/defrentealaverdad.com\/index.php\/wp-json\/wp\/v2\/categories?post=40129"},{"taxonomy":"post_tag","embeddable":true,"href":"https:\/\/defrentealaverdad.com\/index.php\/wp-json\/wp\/v2\/tags?post=40129"}],"curies":[{"name":"wp","href":"https:\/\/api.w.org\/{rel}","templated":true}]}}