{"id":40123,"date":"2025-02-23T18:19:57","date_gmt":"2025-02-23T18:19:57","guid":{"rendered":"https:\/\/defrentealaverdad.com\/?p=40123"},"modified":"2025-02-24T00:21:46","modified_gmt":"2025-02-24T00:21:46","slug":"milciades-guevara-de-la-paz-recibe-reconocimiento-por-su-destacada-trayectoria-profesional","status":"publish","type":"post","link":"https:\/\/defrentealaverdad.com\/index.php\/2025\/02\/23\/milciades-guevara-de-la-paz-recibe-reconocimiento-por-su-destacada-trayectoria-profesional\/","title":{"rendered":"Milc\u00edades Guevara De La Paz recibe reconocimiento por su destacada trayectoria profesional"},"content":{"rendered":"<blockquote>\n<p style=\"text-align: justify;\">El reconocimiento fue realizado en el marco del Primer Premio Municipal de la Juventud, La Ci\u00e9naga, Barahona.<\/p>\n<\/blockquote>\n<p style=\"text-align: justify;\"><strong>La Ci\u00e9naga, Barahona<\/strong> \u2013 La Alcald\u00eda Municipal de La Ci\u00e9naga y el Comit\u00e9 Organizador del Primer Premio Municipal de la Juventud, La Ci\u00e9naga, Barahona, otorgaron un reconocimiento al polit\u00f3logo, abogado y comunicador Milc\u00edades Guevara De La Paz (MILGUEDEP) por su invaluable esfuerzo en la superaci\u00f3n profesional, demostrando dedicaci\u00f3n, compromiso y pasi\u00f3n en el desarrollo de la comunidad.<img decoding=\"async\" class=\"size-medium wp-image-40126 alignright lazyload\" data-src=\"https:\/\/defrentealaverdad.com\/wp-content\/uploads\/2025\/02\/IMG-20250223-WA0084-205x300.jpg\" alt=\"\" width=\"205\" height=\"300\" data-srcset=\"https:\/\/defrentealaverdad.com\/wp-content\/uploads\/2025\/02\/IMG-20250223-WA0084-205x300.jpg 205w, https:\/\/defrentealaverdad.com\/wp-content\/uploads\/2025\/02\/IMG-20250223-WA0084-700x1024.jpg 700w, https:\/\/defrentealaverdad.com\/wp-content\/uploads\/2025\/02\/IMG-20250223-WA0084-768x1124.jpg 768w, https:\/\/defrentealaverdad.com\/wp-content\/uploads\/2025\/02\/IMG-20250223-WA0084-1049x1536.jpg 1049w, https:\/\/defrentealaverdad.com\/wp-content\/uploads\/2025\/02\/IMG-20250223-WA0084.jpg 1093w\" data-sizes=\"(max-width: 205px) 100vw, 205px\" src=\"data:image\/svg+xml;base64,PHN2ZyB3aWR0aD0iMSIgaGVpZ2h0PSIxIiB4bWxucz0iaHR0cDovL3d3dy53My5vcmcvMjAwMC9zdmciPjwvc3ZnPg==\" style=\"--smush-placeholder-width: 205px; --smush-placeholder-aspect-ratio: 205\/300;\" \/><\/p>\n<p style=\"text-align: justify;\">El acto de reconocimiento se llev\u00f3 a cabo el s\u00e1bado 22 de febrero de 2025 en el multiuso de la Escuela Primaria Lea Manuela Moreta, del municipio de La Ci\u00e9naga, Barahona, donde se destac\u00f3 la incansable b\u00fasqueda de crecimiento y excelencia de <img decoding=\"async\" class=\"size-medium wp-image-40127 alignleft lazyload\" data-src=\"https:\/\/defrentealaverdad.com\/wp-content\/uploads\/2025\/02\/IMG-20250223-WA0083-300x200.jpg\" alt=\"\" width=\"300\" height=\"200\" data-srcset=\"https:\/\/defrentealaverdad.com\/wp-content\/uploads\/2025\/02\/IMG-20250223-WA0083-300x200.jpg 300w, https:\/\/defrentealaverdad.com\/wp-content\/uploads\/2025\/02\/IMG-20250223-WA0083-1024x682.jpg 1024w, https:\/\/defrentealaverdad.com\/wp-content\/uploads\/2025\/02\/IMG-20250223-WA0083-768x512.jpg 768w, https:\/\/defrentealaverdad.com\/wp-content\/uploads\/2025\/02\/IMG-20250223-WA0083-1536x1023.jpg 1536w, https:\/\/defrentealaverdad.com\/wp-content\/uploads\/2025\/02\/IMG-20250223-WA0083.jpg 1600w\" data-sizes=\"(max-width: 300px) 100vw, 300px\" src=\"data:image\/svg+xml;base64,PHN2ZyB3aWR0aD0iMSIgaGVpZ2h0PSIxIiB4bWxucz0iaHR0cDovL3d3dy53My5vcmcvMjAwMC9zdmciPjwvc3ZnPg==\" style=\"--smush-placeholder-width: 300px; --smush-placeholder-aspect-ratio: 300\/200;\" \/>Guevara De La Paz, calific\u00e1ndolo como un ejemplo inspirador para todos<\/p>\n<p style=\"text-align: justify;\">Con una notable trayectoria en el \u00e1mbito jur\u00eddico y comunicacional, Milc\u00edades Guevara De La Paz contin\u00faa dejando huella en la sociedad dominicana, consolid\u00e1ndose como referente en la comunicaci\u00f3n estrat\u00e9gica y en el ejercicio del derecho.<\/p>\n<p>Fuente: Prensa que Apoya<\/p>\n","protected":false},"excerpt":{"rendered":"<p>El reconocimiento fue realizado en el marco del Primer Premio Municipal de la Juventud, La<\/p>\n","protected":false},"author":1,"featured_media":40125,"comment_status":"open","ping_status":"open","sticky":false,"template":"","format":"standard","meta":{"footnotes":""},"categories":[7],"tags":[],"class_list":["post-40123","post","type-post","status-publish","format-standard","has-post-thumbnail","hentry","category-nacionales"],"_links":{"self":[{"href":"https:\/\/defrentealaverdad.com\/index.php\/wp-json\/wp\/v2\/posts\/40123","targetHints":{"allow":["GET"]}}],"collection":[{"href":"https:\/\/defrentealaverdad.com\/index.php\/wp-json\/wp\/v2\/posts"}],"about":[{"href":"https:\/\/defrentealaverdad.com\/index.php\/wp-json\/wp\/v2\/types\/post"}],"author":[{"embeddable":true,"href":"https:\/\/defrentealaverdad.com\/index.php\/wp-json\/wp\/v2\/users\/1"}],"replies":[{"embeddable":true,"href":"https:\/\/defrentealaverdad.com\/index.php\/wp-json\/wp\/v2\/comments?post=40123"}],"version-history":[{"count":2,"href":"https:\/\/defrentealaverdad.com\/index.php\/wp-json\/wp\/v2\/posts\/40123\/revisions"}],"predecessor-version":[{"id":40128,"href":"https:\/\/defrentealaverdad.com\/index.php\/wp-json\/wp\/v2\/posts\/40123\/revisions\/40128"}],"wp:featuredmedia":[{"embeddable":true,"href":"https:\/\/defrentealaverdad.com\/index.php\/wp-json\/wp\/v2\/media\/40125"}],"wp:attachment":[{"href":"https:\/\/defrentealaverdad.com\/index.php\/wp-json\/wp\/v2\/media?parent=40123"}],"wp:term":[{"taxonomy":"category","embeddable":true,"href":"https:\/\/defrentealaverdad.com\/index.php\/wp-json\/wp\/v2\/categories?post=40123"},{"taxonomy":"post_tag","embeddable":true,"href":"https:\/\/defrentealaverdad.com\/index.php\/wp-json\/wp\/v2\/tags?post=40123"}],"curies":[{"name":"wp","href":"https:\/\/api.w.org\/{rel}","templated":true}]}}