{"id":40120,"date":"2025-02-23T20:16:08","date_gmt":"2025-02-23T20:16:08","guid":{"rendered":"https:\/\/defrentealaverdad.com\/?p=40120"},"modified":"2025-02-24T00:18:16","modified_gmt":"2025-02-24T00:18:16","slug":"alianza-pais-rinde-homenaje-a-los-padres-de-la-patria-con-ofrenda-floral","status":"publish","type":"post","link":"https:\/\/defrentealaverdad.com\/index.php\/2025\/02\/23\/alianza-pais-rinde-homenaje-a-los-padres-de-la-patria-con-ofrenda-floral\/","title":{"rendered":"Alianza Pa\u00eds rinde homenaje a los Padres de la Patria con ofrenda floral"},"content":{"rendered":"<p style=\"text-align: justify;\"><strong>Santo Domingo, R.D.<\/strong> \u2013 En un acto de profundo significado patri\u00f3tico, dirigentes del partido Alianza Pa\u00eds depositaron una ofrenda floral en el Altar de la Patria en honor a los fundadores de la Rep\u00fablica Dominicana. La actividad, encabezada por el presidente de la organizaci\u00f3n, Dr. Guillermo Moreno, cont\u00f3 con la presencia de los dirigentes Lu\u00eds Salazar, Angela Henr\u00edquez, Sergio Holgu\u00edn, Marisela Santana, Digna Ruiz, Pedro Mart\u00ednez, entre otroDurante el homenaje, Guillermo Moreno destac\u00f3 la importancia de reafirmar los valores patri\u00f3ticos y democr\u00e1ticos y la lucha por una naci\u00f3n m\u00e1s justa, inspirada en el legado de Juan Pablo Duarte, Francisco del Rosario S\u00e1nchez, Mat\u00edas Ram\u00f3n Mella y los trinitarios.<\/p>\n<blockquote>\n<p style=\"text-align: justify;\">\u00abHoy rendimos tributo a los padres fundadores de nuestra patria y a los que con sus luchas nos dieron una nacionalidad.\u201d<\/p>\n<\/blockquote>\n<p>Adem\u00e1s Moreno expres\u00f3:<\/p>\n<blockquote>\n<p style=\"text-align: justify;\">\u00abLa mejor manera de honrar su memoria es luchar por una Rep\u00fablica Dominicana libre de corrupci\u00f3n y llena de oportunidades para todos sus ciudadanos\u00bb<\/p>\n<\/blockquote>\n<p style=\"text-align: justify;\">En su discurso, el l\u00edder de Alianza Pa\u00eds enfatiz\u00f3 la identidad duartiana del partido y la defensa de la independencia y soberan\u00eda como valores fundamentales en este presente difuso en que estamos viviendo.<\/p>\n<blockquote>\n<p style=\"text-align: justify;\">\u00abLos aliancistas somos Duartianos, porque al igual que Duarte defendemos la independencia y soberan\u00eda de la patria de toda potencia extranjera. Los aliancistas somos Duartianos porque defendemos la Rep\u00fablica democr\u00e1tico a fundada por Duarte, sin autoritarismos ni concentraci\u00f3n de poderes\u201d.<\/p>\n<\/blockquote>\n<p style=\"text-align: justify;\">El acto concluy\u00f3 con un llamado a la ciudadan\u00eda a mantener viva la memoria hist\u00f3rica y a trabajar por un pa\u00eds soberano y con instituciones demraticas s\u00f3lidas, en el que prime el bienestar colectivo.<\/p>\n<p>Fuente: Prensa AlPa\u00eds<\/p>\n","protected":false},"excerpt":{"rendered":"<p>Santo Domingo, R.D. \u2013 En un acto de profundo significado patri\u00f3tico, dirigentes del partido Alianza<\/p>\n","protected":false},"author":1,"featured_media":40121,"comment_status":"open","ping_status":"open","sticky":false,"template":"","format":"standard","meta":{"footnotes":""},"categories":[7],"tags":[],"class_list":["post-40120","post","type-post","status-publish","format-standard","has-post-thumbnail","hentry","category-nacionales"],"_links":{"self":[{"href":"https:\/\/defrentealaverdad.com\/index.php\/wp-json\/wp\/v2\/posts\/40120","targetHints":{"allow":["GET"]}}],"collection":[{"href":"https:\/\/defrentealaverdad.com\/index.php\/wp-json\/wp\/v2\/posts"}],"about":[{"href":"https:\/\/defrentealaverdad.com\/index.php\/wp-json\/wp\/v2\/types\/post"}],"author":[{"embeddable":true,"href":"https:\/\/defrentealaverdad.com\/index.php\/wp-json\/wp\/v2\/users\/1"}],"replies":[{"embeddable":true,"href":"https:\/\/defrentealaverdad.com\/index.php\/wp-json\/wp\/v2\/comments?post=40120"}],"version-history":[{"count":1,"href":"https:\/\/defrentealaverdad.com\/index.php\/wp-json\/wp\/v2\/posts\/40120\/revisions"}],"predecessor-version":[{"id":40122,"href":"https:\/\/defrentealaverdad.com\/index.php\/wp-json\/wp\/v2\/posts\/40120\/revisions\/40122"}],"wp:featuredmedia":[{"embeddable":true,"href":"https:\/\/defrentealaverdad.com\/index.php\/wp-json\/wp\/v2\/media\/40121"}],"wp:attachment":[{"href":"https:\/\/defrentealaverdad.com\/index.php\/wp-json\/wp\/v2\/media?parent=40120"}],"wp:term":[{"taxonomy":"category","embeddable":true,"href":"https:\/\/defrentealaverdad.com\/index.php\/wp-json\/wp\/v2\/categories?post=40120"},{"taxonomy":"post_tag","embeddable":true,"href":"https:\/\/defrentealaverdad.com\/index.php\/wp-json\/wp\/v2\/tags?post=40120"}],"curies":[{"name":"wp","href":"https:\/\/api.w.org\/{rel}","templated":true}]}}