{"id":40110,"date":"2025-02-22T22:08:47","date_gmt":"2025-02-22T22:08:47","guid":{"rendered":"https:\/\/defrentealaverdad.com\/?p=40110"},"modified":"2025-02-22T22:08:47","modified_gmt":"2025-02-22T22:08:47","slug":"conozca-mas-sobre-yeni-berenice-reynoso-nueva-titular-de-la-procuraduria","status":"publish","type":"post","link":"https:\/\/defrentealaverdad.com\/index.php\/2025\/02\/22\/conozca-mas-sobre-yeni-berenice-reynoso-nueva-titular-de-la-procuraduria\/","title":{"rendered":"Conozca m\u00e1s sobre Yeni Berenice Reynoso, nueva titular de la Procuradur\u00eda"},"content":{"rendered":"<p style=\"text-align: justify;\">SANTO DOMINGO.- El Consejo Nacional de la Magistratura eligi\u00f3 este viernes a la magistrada Yeni Berenice Reynoso, como la nueva procuradora general de la Rep\u00fablica, elecci\u00f3n que fue de forma un\u00e1nime. Tambi\u00e9n fueron seleccionados los siete procuradores adjuntos.<\/p>\n<p style=\"text-align: justify;\">A prop\u00f3sito de su elecci\u00f3n, El Nuevo Diario indag\u00f3 sobre su vida profesional y a continuaci\u00f3n detalla sobre ella.<\/p>\n<p style=\"text-align: justify;\">Yeni Berenice Reynoso es oriunda de Luper\u00f3n, provincia Puerto Plata. Se gradu\u00f3 como licenciada en Derecho por la Universidad Tecnol\u00f3gica de Santiago (UTESA) en 2002. Ha realizado diversas especializaciones en el \u00e1mbito judicial, destac\u00e1ndose en Derecho Penal, Procesal Penal y Feminicidio.<\/p>\n<p style=\"text-align: justify;\"><strong>Carrera en el Ministerio P\u00fablico<\/strong><\/p>\n<p style=\"text-align: justify;\">Reynoso, pese a que se gradu\u00f3 como licenciada en derecho en el 2002, co\u00admenz\u00f3 su carrera en el Mi\u00adnisterio P\u00fablico en 1999 como paralegal volunta\u00adria de la Fiscal\u00eda de Santia\u00adgo. En 2009 fue nombrada como procuradora Fiscal de Santiago, convirti\u00e9ndose en la primera persona en alcanzar este cargo por m\u00e9ritos propios. M\u00e1s tarde, fue nombrada como fiscal titular del Distrito Nacional<\/p>\n<p style=\"text-align: justify;\">En su labor en el \u00e1mbito judicial, la ahora procuradora ha sido profesora en la Escuela Nacional del Ministerio P\u00fablico y en la Pontificia Universidad Cat\u00f3lica Madre y Maestra (PUCMM). En la actualidad se desempe\u00f1aba como directora de Persecuci\u00f3n de la Procuradur\u00eda.<\/p>\n<p style=\"text-align: justify;\">Es definida como defen\u00adsora de los derechos de la mujer y de la erradica\u00adci\u00f3n de la violencia con\u00adtra la mujer, promotora de la modernizaci\u00f3n del sis\u00adtema procesal penal del pa\u00eds. Aboga por la recuperaci\u00f3n de la confianza de la ciudadan\u00eda en favor de la justicia dominicana.<\/p>\n<p style=\"text-align: justify;\">Durante su trayectoria en la carrera judicial, Yeni Berenice Reynoso ha liderado importantes casos ligados a corrupci\u00f3n, violencia de g\u00e9nero y otros delitos, donde se ha involucrado directamente.<\/p>\n<p style=\"text-align: justify;\">Yeni Berenice Reynoso sustituir\u00e1 a Miriam Germ\u00e1n Brito, actual incumbente, quien desde hace meses inform\u00f3 al pa\u00eds que no deseaba continuar en el cargo.<\/p>\n<p style=\"text-align: justify;\">La magistrada se convierte en la primera procuradora en ser electa bajo el nuevo formato del Consejo Nacional de la Magistratura. Ser\u00e1 la pr\u00f3xima semana cuando el CNM la juramente como la titular del \u00f3rgano persecutor.<\/p>\n<p>&nbsp;<\/p>\n<p>Fuente: Editora El Nuevo Diario<\/p>\n<p>&nbsp;<\/p>\n","protected":false},"excerpt":{"rendered":"<p>SANTO DOMINGO.- El Consejo Nacional de la Magistratura eligi\u00f3 este viernes a la magistrada Yeni<\/p>\n","protected":false},"author":1,"featured_media":40111,"comment_status":"open","ping_status":"open","sticky":false,"template":"","format":"standard","meta":{"footnotes":""},"categories":[7],"tags":[],"class_list":["post-40110","post","type-post","status-publish","format-standard","has-post-thumbnail","hentry","category-nacionales"],"_links":{"self":[{"href":"https:\/\/defrentealaverdad.com\/index.php\/wp-json\/wp\/v2\/posts\/40110","targetHints":{"allow":["GET"]}}],"collection":[{"href":"https:\/\/defrentealaverdad.com\/index.php\/wp-json\/wp\/v2\/posts"}],"about":[{"href":"https:\/\/defrentealaverdad.com\/index.php\/wp-json\/wp\/v2\/types\/post"}],"author":[{"embeddable":true,"href":"https:\/\/defrentealaverdad.com\/index.php\/wp-json\/wp\/v2\/users\/1"}],"replies":[{"embeddable":true,"href":"https:\/\/defrentealaverdad.com\/index.php\/wp-json\/wp\/v2\/comments?post=40110"}],"version-history":[{"count":1,"href":"https:\/\/defrentealaverdad.com\/index.php\/wp-json\/wp\/v2\/posts\/40110\/revisions"}],"predecessor-version":[{"id":40112,"href":"https:\/\/defrentealaverdad.com\/index.php\/wp-json\/wp\/v2\/posts\/40110\/revisions\/40112"}],"wp:featuredmedia":[{"embeddable":true,"href":"https:\/\/defrentealaverdad.com\/index.php\/wp-json\/wp\/v2\/media\/40111"}],"wp:attachment":[{"href":"https:\/\/defrentealaverdad.com\/index.php\/wp-json\/wp\/v2\/media?parent=40110"}],"wp:term":[{"taxonomy":"category","embeddable":true,"href":"https:\/\/defrentealaverdad.com\/index.php\/wp-json\/wp\/v2\/categories?post=40110"},{"taxonomy":"post_tag","embeddable":true,"href":"https:\/\/defrentealaverdad.com\/index.php\/wp-json\/wp\/v2\/tags?post=40110"}],"curies":[{"name":"wp","href":"https:\/\/api.w.org\/{rel}","templated":true}]}}