{"id":40104,"date":"2025-02-22T21:12:36","date_gmt":"2025-02-22T21:12:36","guid":{"rendered":"https:\/\/defrentealaverdad.com\/?p=40104"},"modified":"2025-02-22T22:10:25","modified_gmt":"2025-02-22T22:10:25","slug":"40104","status":"publish","type":"post","link":"https:\/\/defrentealaverdad.com\/index.php\/2025\/02\/22\/40104\/","title":{"rendered":"Lanzamiento Exitoso del Libro \u00abTDAH, Trauma y Prop\u00f3sito: Un Camino Entretejido\u00bb de Raquel Quezada"},"content":{"rendered":"<p style=\"text-align: justify;\"><strong>Santo Domingo, Rep\u00fablica Dominicana<\/strong> \u00a0\u2013 En una noche llena de emociones y significado, la autora Raquel Quezada present\u00f3 su d\u00e9cimo libro, \u00abTDAH, Trauma y Prop\u00f3sito: Un Camino Entretejido\u00bb, en Grey Caf\u00e9, Rep\u00fablica Dominicana. Este libro profundamente personal narra la historia de Quezada con el TDAH y sus experiencias hasta encontrar su prop\u00f3sito en la vida.<img decoding=\"async\" class=\"size-medium wp-image-40108 alignright lazyload\" data-src=\"https:\/\/defrentealaverdad.com\/wp-content\/uploads\/2025\/02\/WhatsApp-Image-2025-02-21-at-10.02.34-2-300x200.jpeg\" alt=\"\" width=\"300\" height=\"200\" data-srcset=\"https:\/\/defrentealaverdad.com\/wp-content\/uploads\/2025\/02\/WhatsApp-Image-2025-02-21-at-10.02.34-2-300x200.jpeg 300w, https:\/\/defrentealaverdad.com\/wp-content\/uploads\/2025\/02\/WhatsApp-Image-2025-02-21-at-10.02.34-2-1024x683.jpeg 1024w, https:\/\/defrentealaverdad.com\/wp-content\/uploads\/2025\/02\/WhatsApp-Image-2025-02-21-at-10.02.34-2-768x512.jpeg 768w, https:\/\/defrentealaverdad.com\/wp-content\/uploads\/2025\/02\/WhatsApp-Image-2025-02-21-at-10.02.34-2-1536x1024.jpeg 1536w, https:\/\/defrentealaverdad.com\/wp-content\/uploads\/2025\/02\/WhatsApp-Image-2025-02-21-at-10.02.34-2-2048x1366.jpeg 2048w\" data-sizes=\"(max-width: 300px) 100vw, 300px\" src=\"data:image\/svg+xml;base64,PHN2ZyB3aWR0aD0iMSIgaGVpZ2h0PSIxIiB4bWxucz0iaHR0cDovL3d3dy53My5vcmcvMjAwMC9zdmciPjwvc3ZnPg==\" style=\"--smush-placeholder-width: 300px; --smush-placeholder-aspect-ratio: 300\/200;\" \/><\/p>\n<p style=\"text-align: justify;\">El evento cont\u00f3 con la presencia destacada del presidente de la C\u00e1mara de Diputados, Alfredo Pacheco, quien expres\u00f3 su admiraci\u00f3n por la valent\u00eda de la autora al compartir su <img decoding=\"async\" class=\"size-medium wp-image-40114 alignleft lazyload\" data-src=\"https:\/\/defrentealaverdad.com\/wp-content\/uploads\/2025\/02\/WhatsApp-Image-2025-02-21-at-10.02.34-1-300x200.jpeg\" alt=\"\" width=\"300\" height=\"200\" data-srcset=\"https:\/\/defrentealaverdad.com\/wp-content\/uploads\/2025\/02\/WhatsApp-Image-2025-02-21-at-10.02.34-1-300x200.jpeg 300w, https:\/\/defrentealaverdad.com\/wp-content\/uploads\/2025\/02\/WhatsApp-Image-2025-02-21-at-10.02.34-1-1024x683.jpeg 1024w, https:\/\/defrentealaverdad.com\/wp-content\/uploads\/2025\/02\/WhatsApp-Image-2025-02-21-at-10.02.34-1-768x512.jpeg 768w, https:\/\/defrentealaverdad.com\/wp-content\/uploads\/2025\/02\/WhatsApp-Image-2025-02-21-at-10.02.34-1-1536x1024.jpeg 1536w, https:\/\/defrentealaverdad.com\/wp-content\/uploads\/2025\/02\/WhatsApp-Image-2025-02-21-at-10.02.34-1-2048x1366.jpeg 2048w\" data-sizes=\"(max-width: 300px) 100vw, 300px\" src=\"data:image\/svg+xml;base64,PHN2ZyB3aWR0aD0iMSIgaGVpZ2h0PSIxIiB4bWxucz0iaHR0cDovL3d3dy53My5vcmcvMjAwMC9zdmciPjwvc3ZnPg==\" style=\"--smush-placeholder-width: 300px; --smush-placeholder-aspect-ratio: 300\/200;\" \/>historia y su compromiso con la visibilizaci\u00f3n del TDAH.<\/p>\n<p style=\"text-align: justify;\">La conducci\u00f3n del evento estuvo a cargo de la veterana comunicadora Jatnna Tav\u00e1rez, quien supo crear un ambiente \u00edntimo y emotivo. Tav\u00e1rez destac\u00f3 la importancia de hablar abiertamente sobre el TDAH y el impacto positivo que puede tener en la vida de las personas.<\/p>\n<blockquote>\n<p style=\"text-align: justify;\">\u00abRaquel es un ejemplo de que se puede vivir plenamente con TDAH y alcanzar todas nuestras metas\u00bb, expres\u00f3 Tav\u00e1rez<\/p>\n<\/blockquote>\n<p style=\"text-align: justify;\">Durante la presentaci\u00f3n, Raquel Quezada comparti\u00f3 con el p\u00fablico algunos \u0444\u0440\u0430\u0433ments de su libro y habl\u00f3 sobre el proceso de escritura y c\u00f3mo le ayud\u00f3 a comprender y aceptar su condici\u00f3n.<\/p>\n<blockquote>\n<p style=\"text-align: justify;\">\u00abEste libro es un regalo para todas las personas que se sienten diferentes o incomprendidas\u00bb, dijo Quezada. \u00abEspero que mi historia pueda inspirarles a encontrar su propio camino y a no rendirse nunca\u00bb.<\/p>\n<\/blockquote>\n<p style=\"text-align: justify;\">\u00abTDAH, Trauma y Prop\u00f3sito: Un Camino Entretejido\u00bb ya est\u00e1 disponible en librer\u00edas de todo el pa\u00eds y en plataformas digitales.<\/p>\n<p><strong>Sobre la autora<\/strong><\/p>\n<p style=\"text-align: justify;\"><img decoding=\"async\" class=\"size-medium wp-image-40105 alignleft lazyload\" data-src=\"https:\/\/defrentealaverdad.com\/wp-content\/uploads\/2025\/02\/WhatsApp-Image-2025-02-21-at-10.02.33-1-210x300.jpeg\" alt=\"\" width=\"210\" height=\"300\" data-srcset=\"https:\/\/defrentealaverdad.com\/wp-content\/uploads\/2025\/02\/WhatsApp-Image-2025-02-21-at-10.02.33-1-210x300.jpeg 210w, https:\/\/defrentealaverdad.com\/wp-content\/uploads\/2025\/02\/WhatsApp-Image-2025-02-21-at-10.02.33-1-715x1024.jpeg 715w, https:\/\/defrentealaverdad.com\/wp-content\/uploads\/2025\/02\/WhatsApp-Image-2025-02-21-at-10.02.33-1-768x1100.jpeg 768w, https:\/\/defrentealaverdad.com\/wp-content\/uploads\/2025\/02\/WhatsApp-Image-2025-02-21-at-10.02.33-1.jpeg 894w\" data-sizes=\"(max-width: 210px) 100vw, 210px\" src=\"data:image\/svg+xml;base64,PHN2ZyB3aWR0aD0iMSIgaGVpZ2h0PSIxIiB4bWxucz0iaHR0cDovL3d3dy53My5vcmcvMjAwMC9zdmciPjwvc3ZnPg==\" style=\"--smush-placeholder-width: 210px; --smush-placeholder-aspect-ratio: 210\/300;\" \/>Raquel Quezada es una reconocida comunicadora y ferviente defensora de los derechos de las personas con discapacidad. Ha dedicado su vida a la educaci\u00f3n y apoyo a familias y comunidades, promoviendo una sociedad m\u00e1s inclusiva e informada. Casada con el empresario Jonathan Quezada y madre de cuatro hijos, la dominicana residente en Boston ha convertido sus adversidades en una fuente de inspiraci\u00f3n y apoyo para la comunidad hispana.<\/p>\n<p style=\"text-align: justify;\">Raquel es la directora y fundadora de Cambiando el Mundo de Personas con Discapacidades, una fundaci\u00f3n dedicada a la educaci\u00f3n y acompa\u00f1amiento de padres con ni\u00f1os con discapacidad, promoviendo su inclusi\u00f3n en diferentes \u00e1mbitos sociales. Tambi\u00e9n es la conductora y productora del programa Cambiando el Mundo, transmitido a nivel internacional por varias cadenas radiales y televisivas. Adem\u00e1s, es la creadora del primer programa en espa\u00f1ol dirigido a padres de ni\u00f1os con discapacidad, cuyo objetivo es equiparlos con herramientas, conocimientos y habilidades para representar y abogar por sus hijos ante<\/p>\n<p>Fuente: A. Rdrez<\/p>\n","protected":false},"excerpt":{"rendered":"<p>Santo Domingo, Rep\u00fablica Dominicana \u00a0\u2013 En una noche llena de emociones y significado, la autora<\/p>\n","protected":false},"author":4,"featured_media":40105,"comment_status":"open","ping_status":"open","sticky":false,"template":"","format":"standard","meta":{"footnotes":""},"categories":[7],"tags":[],"class_list":["post-40104","post","type-post","status-publish","format-standard","has-post-thumbnail","hentry","category-nacionales"],"_links":{"self":[{"href":"https:\/\/defrentealaverdad.com\/index.php\/wp-json\/wp\/v2\/posts\/40104","targetHints":{"allow":["GET"]}}],"collection":[{"href":"https:\/\/defrentealaverdad.com\/index.php\/wp-json\/wp\/v2\/posts"}],"about":[{"href":"https:\/\/defrentealaverdad.com\/index.php\/wp-json\/wp\/v2\/types\/post"}],"author":[{"embeddable":true,"href":"https:\/\/defrentealaverdad.com\/index.php\/wp-json\/wp\/v2\/users\/4"}],"replies":[{"embeddable":true,"href":"https:\/\/defrentealaverdad.com\/index.php\/wp-json\/wp\/v2\/comments?post=40104"}],"version-history":[{"count":4,"href":"https:\/\/defrentealaverdad.com\/index.php\/wp-json\/wp\/v2\/posts\/40104\/revisions"}],"predecessor-version":[{"id":40116,"href":"https:\/\/defrentealaverdad.com\/index.php\/wp-json\/wp\/v2\/posts\/40104\/revisions\/40116"}],"wp:featuredmedia":[{"embeddable":true,"href":"https:\/\/defrentealaverdad.com\/index.php\/wp-json\/wp\/v2\/media\/40105"}],"wp:attachment":[{"href":"https:\/\/defrentealaverdad.com\/index.php\/wp-json\/wp\/v2\/media?parent=40104"}],"wp:term":[{"taxonomy":"category","embeddable":true,"href":"https:\/\/defrentealaverdad.com\/index.php\/wp-json\/wp\/v2\/categories?post=40104"},{"taxonomy":"post_tag","embeddable":true,"href":"https:\/\/defrentealaverdad.com\/index.php\/wp-json\/wp\/v2\/tags?post=40104"}],"curies":[{"name":"wp","href":"https:\/\/api.w.org\/{rel}","templated":true}]}}