{"id":40094,"date":"2025-02-22T20:18:34","date_gmt":"2025-02-22T20:18:34","guid":{"rendered":"https:\/\/defrentealaverdad.com\/?p=40094"},"modified":"2025-02-22T20:18:34","modified_gmt":"2025-02-22T20:18:34","slug":"ministra-de-interior-y-policia-refuerza-compromisos-en-seguridad-y-controles-migratorios-en-dajabon","status":"publish","type":"post","link":"https:\/\/defrentealaverdad.com\/index.php\/2025\/02\/22\/ministra-de-interior-y-policia-refuerza-compromisos-en-seguridad-y-controles-migratorios-en-dajabon\/","title":{"rendered":"Ministra de Interior y Polic\u00eda refuerza compromisos en seguridad y controles migratorios en Dajab\u00f3n"},"content":{"rendered":"<p style=\"text-align: justify;\">DAJAB\u00d3N, Rep\u00fablica Dominicana.- La Ministra de Interior y Polic\u00eda, Faride Raful, visit\u00f3 esta provincia fronteriza, donde se reuni\u00f3 con las autoridades y diferentes sectores representativos de la sociedad civil, para abordar temas de seguridad y control migratorio.<\/p>\n<p style=\"text-align: justify;\">Durante un encuentro en el ayuntamiento municipal, Raful, destac\u00f3 que su gesti\u00f3n trabaja en la consolidaci\u00f3n de la mesa de seguridad, con el prop\u00f3sito de escuchar tanto a las autoridades como a la sociedad civil sobre las principales demandas de la comunidad.<\/p>\n<p style=\"text-align: justify;\">Dada la relevancia de esta demarcaci\u00f3n en asuntos migratorios, la funcionaria estuvo acompa\u00f1ada por el Director General de Aduanas (DGA), Vicealmirante Lee Ballester, con quien convers\u00f3 sobre las pol\u00edticas de control migratorio que se implementan en la Rep\u00fablica Dominicana.<\/p>\n<p style=\"text-align: justify;\">En la actividad la ministra resalt\u00f3 la importancia de los alcaldes ped\u00e1neos y la necesidad de retomar sus funciones, para que puedan colaborar en el fortalecimiento de la seguridad local.<\/p>\n<p style=\"text-align: justify;\">Asimismo, reconoci\u00f3 la necesidad de aumentar la dotaci\u00f3n policial, reconociendo que la entidad trabaja con recursos humanos y econ\u00f3micos limitados, pero, asegur\u00f3 que desde el ministerio se har\u00e1n los esfuerzos necesarios para reforzar la seguridad en la provincia.<\/p>\n<p>Fuente: Luis Cruz Jr.<\/p>\n","protected":false},"excerpt":{"rendered":"<p>DAJAB\u00d3N, Rep\u00fablica Dominicana.- La Ministra de Interior y Polic\u00eda, Faride Raful, visit\u00f3 esta provincia fronteriza,<\/p>\n","protected":false},"author":1,"featured_media":40095,"comment_status":"open","ping_status":"open","sticky":false,"template":"","format":"standard","meta":{"footnotes":""},"categories":[7],"tags":[],"class_list":["post-40094","post","type-post","status-publish","format-standard","has-post-thumbnail","hentry","category-nacionales"],"_links":{"self":[{"href":"https:\/\/defrentealaverdad.com\/index.php\/wp-json\/wp\/v2\/posts\/40094","targetHints":{"allow":["GET"]}}],"collection":[{"href":"https:\/\/defrentealaverdad.com\/index.php\/wp-json\/wp\/v2\/posts"}],"about":[{"href":"https:\/\/defrentealaverdad.com\/index.php\/wp-json\/wp\/v2\/types\/post"}],"author":[{"embeddable":true,"href":"https:\/\/defrentealaverdad.com\/index.php\/wp-json\/wp\/v2\/users\/1"}],"replies":[{"embeddable":true,"href":"https:\/\/defrentealaverdad.com\/index.php\/wp-json\/wp\/v2\/comments?post=40094"}],"version-history":[{"count":1,"href":"https:\/\/defrentealaverdad.com\/index.php\/wp-json\/wp\/v2\/posts\/40094\/revisions"}],"predecessor-version":[{"id":40096,"href":"https:\/\/defrentealaverdad.com\/index.php\/wp-json\/wp\/v2\/posts\/40094\/revisions\/40096"}],"wp:featuredmedia":[{"embeddable":true,"href":"https:\/\/defrentealaverdad.com\/index.php\/wp-json\/wp\/v2\/media\/40095"}],"wp:attachment":[{"href":"https:\/\/defrentealaverdad.com\/index.php\/wp-json\/wp\/v2\/media?parent=40094"}],"wp:term":[{"taxonomy":"category","embeddable":true,"href":"https:\/\/defrentealaverdad.com\/index.php\/wp-json\/wp\/v2\/categories?post=40094"},{"taxonomy":"post_tag","embeddable":true,"href":"https:\/\/defrentealaverdad.com\/index.php\/wp-json\/wp\/v2\/tags?post=40094"}],"curies":[{"name":"wp","href":"https:\/\/api.w.org\/{rel}","templated":true}]}}