{"id":40088,"date":"2025-02-22T18:33:26","date_gmt":"2025-02-22T18:33:26","guid":{"rendered":"https:\/\/defrentealaverdad.com\/?p=40088"},"modified":"2025-02-22T18:33:26","modified_gmt":"2025-02-22T18:33:26","slug":"propone-crear-sistema-de-transporte-estatal-para-empleados-publicos","status":"publish","type":"post","link":"https:\/\/defrentealaverdad.com\/index.php\/2025\/02\/22\/propone-crear-sistema-de-transporte-estatal-para-empleados-publicos\/","title":{"rendered":"Propone crear sistema de transporte estatal para empleados p\u00fablicos"},"content":{"rendered":"<p style=\"text-align: justify;\">El veterano jurista y municipalista Bunel Ram\u00edrez Mer\u00e1n, recomend\u00f3 al Gobierno crear un sistema de transporte colectivo estatal que permita a los empleados p\u00fablicos su traslado a las diferentes instituciones gubernamentales<\/p>\n<p style=\"text-align: justify;\">Adem\u00e1s, se\u00f1al\u00f3 el ahorro que significar\u00e1 para el Estado en relaci\u00f3n al pago de parqueos en diversas entidades, en momentos que la tendencia proyecta podr\u00eda ir en aumento ante lo ca\u00f3tico que se ha convertido el tr\u00e1nsito en el pa\u00eds<\/p>\n<blockquote>\n<p style=\"text-align: justify;\">\u201cComo se sabe, el gobierno s\u00f3lo en 2024 pag\u00f3 m\u00e1s de 170 millones de pesos en parqueos y la tendencia es que aumente la necesidad de esos espacios. Eso supone la implementaci\u00f3n de una pol\u00edtica restrictiva del uso de veh\u00edculos como alternativa viable para la descongesti\u00f3n de las v\u00edas p\u00fablicas\u201d, dijo Ram\u00edrez Mer\u00e1n.<\/p>\n<\/blockquote>\n<p style=\"text-align: justify;\">En ese mismo orden, adelant\u00f3 que <em>\u201csi el gobierno limita el uso de veh\u00edculos para empleados p\u00fablicos, el sector privado hace lo propio y los ayuntamientos limitan el parqueo en las calles, la soluci\u00f3n ser\u00eda absolutamente exitosa\u201d.<\/em><\/p>\n<p style=\"text-align: justify;\">Bunel Ram\u00edrez, quien en 2024 aspir\u00f3 a regidor por el Partido Revolucionario Moderno (PRM) en Santo Domingo Oeste, extern\u00f3 que poniendo en marcha una medida de esta naturaleza, el impacto no solo ser\u00eda en el tr\u00e1nsito, sino que adem\u00e1s reflejar\u00eda resultados positivos en materia de medioambiente y el ahorro al erario p\u00fablico.<\/p>\n<blockquote>\n<p style=\"text-align: justify;\">\u201cLa idea es que logremos una soluci\u00f3n mediante la reducci\u00f3n del tr\u00e1nsito de veh\u00edculos, que a su vez repercutir\u00eda hasta en el medio ambiente y en la econom\u00eda particular de quienes hagan uso del trasporte proporcionado por sus instituciones de trabajo\u201d, explic\u00f3.<\/p>\n<\/blockquote>\n<p style=\"text-align: justify;\">Concluy\u00f3 puntualizando que, <em>\u201cla regulaci\u00f3n del tr\u00e1nsito para beneficio de la mayor\u00eda de la poblaci\u00f3n no viola ning\u00fan derecho y si as\u00ed fuere, se impone el derecho de la mayor\u00eda a transitar por calles desahogadas para realizar diligencias puntuales, incluidas las que se hacen en instituciones p\u00fablicas y privadas\u201d.<\/em><\/p>\n<p>Fuente: Equipo Bunel Ram\u00edrez Mer\u00e1n<\/p>\n","protected":false},"excerpt":{"rendered":"<p>El veterano jurista y municipalista Bunel Ram\u00edrez Mer\u00e1n, recomend\u00f3 al Gobierno crear un sistema de<\/p>\n","protected":false},"author":1,"featured_media":40089,"comment_status":"open","ping_status":"open","sticky":false,"template":"","format":"standard","meta":{"footnotes":""},"categories":[7],"tags":[],"class_list":["post-40088","post","type-post","status-publish","format-standard","has-post-thumbnail","hentry","category-nacionales"],"_links":{"self":[{"href":"https:\/\/defrentealaverdad.com\/index.php\/wp-json\/wp\/v2\/posts\/40088","targetHints":{"allow":["GET"]}}],"collection":[{"href":"https:\/\/defrentealaverdad.com\/index.php\/wp-json\/wp\/v2\/posts"}],"about":[{"href":"https:\/\/defrentealaverdad.com\/index.php\/wp-json\/wp\/v2\/types\/post"}],"author":[{"embeddable":true,"href":"https:\/\/defrentealaverdad.com\/index.php\/wp-json\/wp\/v2\/users\/1"}],"replies":[{"embeddable":true,"href":"https:\/\/defrentealaverdad.com\/index.php\/wp-json\/wp\/v2\/comments?post=40088"}],"version-history":[{"count":1,"href":"https:\/\/defrentealaverdad.com\/index.php\/wp-json\/wp\/v2\/posts\/40088\/revisions"}],"predecessor-version":[{"id":40090,"href":"https:\/\/defrentealaverdad.com\/index.php\/wp-json\/wp\/v2\/posts\/40088\/revisions\/40090"}],"wp:featuredmedia":[{"embeddable":true,"href":"https:\/\/defrentealaverdad.com\/index.php\/wp-json\/wp\/v2\/media\/40089"}],"wp:attachment":[{"href":"https:\/\/defrentealaverdad.com\/index.php\/wp-json\/wp\/v2\/media?parent=40088"}],"wp:term":[{"taxonomy":"category","embeddable":true,"href":"https:\/\/defrentealaverdad.com\/index.php\/wp-json\/wp\/v2\/categories?post=40088"},{"taxonomy":"post_tag","embeddable":true,"href":"https:\/\/defrentealaverdad.com\/index.php\/wp-json\/wp\/v2\/tags?post=40088"}],"curies":[{"name":"wp","href":"https:\/\/api.w.org\/{rel}","templated":true}]}}