{"id":40058,"date":"2025-02-22T17:57:10","date_gmt":"2025-02-22T17:57:10","guid":{"rendered":"https:\/\/defrentealaverdad.com\/?p=40058"},"modified":"2025-02-22T17:57:10","modified_gmt":"2025-02-22T17:57:10","slug":"uasd-recinto-barahona-otorga-merito-estudiantil","status":"publish","type":"post","link":"https:\/\/defrentealaverdad.com\/index.php\/2025\/02\/22\/uasd-recinto-barahona-otorga-merito-estudiantil\/","title":{"rendered":"UASD Recinto Barahona otorga \u201cM\u00e9rito Estudiantil\u201d"},"content":{"rendered":"<p style=\"text-align: justify;\">La UASD Recinto Barahona, a trav\u00e9s de la Direcci\u00f3n de Bienestar Estudiantil, entreg\u00f3 en esta unidad acad\u00e9mica el \u201cPremio al M\u00e9rito Estudiantil 2025\u201d, a 447 estudiantes que alcanzaron un \u00edndice acad\u00e9mico por encima de los 85 puntos, durante una ceremonia celebrada en el Auditorio Dr. Antonio M\u00e9ndez\u201d<\/p>\n<p style=\"text-align: justify;\">Del total de estudiantes que obtuvieron esta distinci\u00f3n 7, los cuales tienen los m\u00e1s altos \u00edndice por cada una de las Facultades, adem\u00e1s de recibir un pergamino de reconocimiento, tambi\u00e9n, se les entreg\u00f3 un regalo, consistente en una Tablet o Laptop.<\/p>\n<p style=\"text-align: justify;\">El acto estuvo encabezado por el director general del Recinto, Maestro Manuel Antonio De La Cruz Fern\u00e1ndez, ambas subdirectoras: Ana L. Beltr\u00e9 (Acad\u00e9mica), Biridiana Batista Dotel (Administrativa).<\/p>\n<p style=\"text-align: justify;\">Al acto asisti\u00f3 la gobernadora Oneida F\u00e9liz Medina, el senador Mois\u00e9s Ayala P\u00e9rez, coordinadores de unidades: Porfirio L\u00f3pez (Extensi\u00f3n), Mary Yanet D\u00edaz (Investigaci\u00f3n), Niurka G\u00f3mez (Postgrado), Mar\u00eda G\u00f3mez (Orientaci\u00f3n), Ram\u00f3n Alberto L\u00f3pez Ynoa (UASD Jiman\u00ed), Jennifer Matos (Bienestar Estudiantil), quien ofreci\u00f3 una charla sobre el m\u00e9rito estudiantil y Andrea G\u00f3mez (Educaci\u00f3n Continuada).<\/p>\n<p style=\"text-align: justify;\">De La cruz Fern\u00e1ndez, al ofrecer el discurso central del acto, dijo que la Universidad es un espacio que ofrece oportunidades para el desarrollo personal, profesional y humano a pobladores del suroeste, a trav\u00e9s de la educaci\u00f3n superior.<\/p>\n<p style=\"text-align: justify;\">En ese sentido, la principal autoridad universitaria del Recinto, dijo que la academia estatal contribuye, desde un eje transversal como el de la educaci\u00f3n, en este caso superior, al desarrollo social y econ\u00f3mico, as\u00ed como el bienestar general de la poblaci\u00f3n.<\/p>\n<p style=\"text-align: justify;\">Motiv\u00f3 a los estudiantes que lograron esta distinci\u00f3n del \u201cM\u00e9rito Estudiantil\u201d a seguir esforz\u00e1ndose, no solo por el obsequio o el pergamino, los cuales, dijo son importantes, sino para ser en futuro profesionales de excelencia acad\u00e9mica, con capacidad cr\u00edtica y, sobre todo, actuar desde el amor para lograr contribuciones importantes en favor de la sociedad regional.<\/p>\n<p style=\"text-align: justify;\">En el acto hablaron, adem\u00e1s, la subdirectora acad\u00e9mica Ana L. Beltr\u00e9, Antonia G\u00f3mez, encargada de Admisi\u00f3n, Carlos Jim\u00e9nez, encargado de Registro, quienes, tambi\u00e9n, animaron al estudiantado a seguir form\u00e1ndose en sus respectivas \u00e1reas profesionales.<\/p>\n<p style=\"text-align: justify;\"><strong>Los siete con mayor alto \u00edndice\u00a0\u00a0<\/strong><\/p>\n<p style=\"text-align: justify;\">De los 447 estudiantes escogidos para el \u201cPremio M\u00e9rito Estudiantil\u201d, 7, distribuidos entre las distintas facultades, adem\u00e1s de entreg\u00e1rsele un pergamino de reconocimiento, tambi\u00e9n, se les obsequi\u00f3 un regalo.<\/p>\n<p style=\"text-align: justify;\">Los estudiantes con el mayor alto \u00edndice son: H\u00e9ctor Luis Cuevas, 93.7 (Ciencias), Tiffany Odylennys Cruz P\u00e9rez, 94.8 (Ciencias Acad\u00e9micas y Sociales), Josefa Flori\u00e1n Matos, 94.2 (Ciencias Jur\u00eddicas y Pol\u00edticas) y Francisco Javier Balmis Terrero Cuevas, 98.6 (Ciencias de la Educaci\u00f3n).<\/p>\n<p style=\"text-align: justify;\">Tambi\u00e9n, obtuvieron los m\u00e1s altos \u00edndices para esta versi\u00f3n del \u201cPremio M\u00e9rito Estudiantil\u201d, los bachilleres: Mercy Pinales Matos, 96.6 (Ciencias de la Salud), Domingo Vicente de los Santos, 91.2 (Ciencias Agron\u00f3micas y Veterinarias) y Carlos Rainieris Clase P\u00e9rez, (95.9) Humanidades.<\/p>\n<p>Fuente: UASD &#8211; Barahona<\/p>\n","protected":false},"excerpt":{"rendered":"<p>La UASD Recinto Barahona, a trav\u00e9s de la Direcci\u00f3n de Bienestar Estudiantil, entreg\u00f3 en esta<\/p>\n","protected":false},"author":1,"featured_media":40060,"comment_status":"open","ping_status":"open","sticky":false,"template":"","format":"standard","meta":{"footnotes":""},"categories":[7],"tags":[],"class_list":["post-40058","post","type-post","status-publish","format-standard","has-post-thumbnail","hentry","category-nacionales"],"_links":{"self":[{"href":"https:\/\/defrentealaverdad.com\/index.php\/wp-json\/wp\/v2\/posts\/40058","targetHints":{"allow":["GET"]}}],"collection":[{"href":"https:\/\/defrentealaverdad.com\/index.php\/wp-json\/wp\/v2\/posts"}],"about":[{"href":"https:\/\/defrentealaverdad.com\/index.php\/wp-json\/wp\/v2\/types\/post"}],"author":[{"embeddable":true,"href":"https:\/\/defrentealaverdad.com\/index.php\/wp-json\/wp\/v2\/users\/1"}],"replies":[{"embeddable":true,"href":"https:\/\/defrentealaverdad.com\/index.php\/wp-json\/wp\/v2\/comments?post=40058"}],"version-history":[{"count":1,"href":"https:\/\/defrentealaverdad.com\/index.php\/wp-json\/wp\/v2\/posts\/40058\/revisions"}],"predecessor-version":[{"id":40061,"href":"https:\/\/defrentealaverdad.com\/index.php\/wp-json\/wp\/v2\/posts\/40058\/revisions\/40061"}],"wp:featuredmedia":[{"embeddable":true,"href":"https:\/\/defrentealaverdad.com\/index.php\/wp-json\/wp\/v2\/media\/40060"}],"wp:attachment":[{"href":"https:\/\/defrentealaverdad.com\/index.php\/wp-json\/wp\/v2\/media?parent=40058"}],"wp:term":[{"taxonomy":"category","embeddable":true,"href":"https:\/\/defrentealaverdad.com\/index.php\/wp-json\/wp\/v2\/categories?post=40058"},{"taxonomy":"post_tag","embeddable":true,"href":"https:\/\/defrentealaverdad.com\/index.php\/wp-json\/wp\/v2\/tags?post=40058"}],"curies":[{"name":"wp","href":"https:\/\/api.w.org\/{rel}","templated":true}]}}