{"id":40044,"date":"2025-02-22T17:44:00","date_gmt":"2025-02-22T17:44:00","guid":{"rendered":"https:\/\/defrentealaverdad.com\/?p=40044"},"modified":"2025-02-22T17:44:00","modified_gmt":"2025-02-22T17:44:00","slug":"logan-jimenez-destaca-el-impacto-de-los-programas-de-becas-en-el-sector-periodistico","status":"publish","type":"post","link":"https:\/\/defrentealaverdad.com\/index.php\/2025\/02\/22\/logan-jimenez-destaca-el-impacto-de-los-programas-de-becas-en-el-sector-periodistico\/","title":{"rendered":"Logan Jim\u00e9nez destaca el impacto de los Programas de Becas en el Sector Period\u00edstico"},"content":{"rendered":"<blockquote>\n<p style=\"text-align: justify;\">Compromiso con la formaci\u00f3n y superaci\u00f3n profesional de los periodistas<\/p>\n<\/blockquote>\n<p style=\"text-align: justify;\"><strong>Santo Domingo.<\/strong> \u2013 El periodista Logan Jim\u00e9nez, aspirante a la Secretar\u00eda General Nacional del Sindicato Nacional de los Trabajadores de la Prensa (SNTP), resalt\u00f3 la importancia de los programas de becas nacionales e internacionales como herramienta fundamental para la formaci\u00f3n y el crecimiento profesional de los periodistas dominicanos.<\/p>\n<p style=\"text-align: justify;\">Jim\u00e9nez subray\u00f3 que estas iniciativas han permitido que decenas de comunicadores accedan a programas de formaci\u00f3n en prestigiosas instituciones del pa\u00eds y el extranjero, facilitando su especializaci\u00f3n y fortaleciendo su desempe\u00f1o en el ejercicio period\u00edstico.<\/p>\n<blockquote>\n<p style=\"text-align: justify;\">\u00abEl conocimiento es poder, y cuando nuestros colegas tienen acceso a mejores oportunidades de educaci\u00f3n y capacitaci\u00f3n, se fortalecen no solo ellos, sino tambi\u00e9n el periodismo dominicano en su conjunto\u00bb, expres\u00f3.<\/p>\n<\/blockquote>\n<p style=\"text-align: justify;\">El tambi\u00e9n director ejecutivo del multimedio \u201cLa Voz Sin Censura\u201d reafirm\u00f3 su compromiso con la defensa de los derechos de los periodistas y la promoci\u00f3n de condiciones laborales dignas. \u00abEs fundamental continuar impulsando y ampliando estos programas, para que m\u00e1s colegas puedan beneficiarse y avanzar en su formaci\u00f3n\u00bb, agreg\u00f3.<\/p>\n<p style=\"text-align: justify;\"><strong>Reconocimiento al equipo de Becas y al MESCyT<\/strong><\/p>\n<p style=\"text-align: justify;\">Jim\u00e9nez felicit\u00f3 y reconoci\u00f3 la labor de Roselia P\u00e9rez Nova y Lanny Portorreal, encargadas de Becas Internacionales, as\u00ed como de todo su equipo de trabajo, por su dedicaci\u00f3n y esfuerzo en la gesti\u00f3n de oportunidades educativas que han beneficiado a numerosos periodistas. Asimismo, extendi\u00f3 su reconocimiento al Ministro de Educaci\u00f3n Superior, Ciencia y Tecnolog\u00eda, Franklin Garc\u00eda Ferm\u00edn, por el respaldo institucional que ha permitido la implementaci\u00f3n y continuidad de estos programas de formaci\u00f3n.<\/p>\n<p><strong>Llamado a la comunidad period\u00edstica<\/strong><\/p>\n<p style=\"text-align: justify;\">El aspirante a la Secretar\u00eda General del SNTP hizo un llamado a ciudadanos, profesionales y especialmente al sector de la prensa a respaldar estas iniciativas, al considerar que la formaci\u00f3n de los periodistas es clave para el fortalecimiento de la democracia y la garant\u00eda de un periodismo \u00e9tico y comprometido con la verdad.<\/p>\n<p style=\"text-align: justify;\"><strong>Equipo de los Departamentos de Becas: <\/strong><strong>Roselia P\u00e9rez Nova<\/strong> (Encargada de Departamento de Becas Internacionales), <strong>Lanny Portorreal<\/strong> (Encargada de Becas Internacionales), <strong>Juan Jos\u00e9 Peralta<\/strong> (Coordinador Departamento de Becas Internacionales), Perla Robles (Evaluadora), Mar\u00eda Hichez (Asistente Administrativa), Luis Grull\u00f3n (Evaluador), Robianny Lizardo (Evaluadora), Francis Luciano (Evaluador), Luis Alberto N\u00fa\u00f1ez (Evaluador), Ada Esther Nin (Evaluadora), Perla Mercedes Berroa (Evaluadora), Stalin Pimentel Arias (Evaluador), Jos\u00e9 Ortega Guzm\u00e1n (Evaluador), Ruth Batista S\u00e1nchez (Evaluadora), Ruth Michel (Evaluadora), Jeremy Cordero (Auxiliar Administrativo), Herasmo Mateo (Mensajero Interno).<\/p>\n<p style=\"text-align: justify;\"><strong>Impacto de las Becas Nacionales e Internacionales<\/strong><\/p>\n<p style=\"text-align: justify;\">Entre 2019 y 2023, se otorgaron 7,421 becas internacionales a estudiantes y profesionales, permiti\u00e9ndoles acceder a programas de formaci\u00f3n en universidades de prestigio en Am\u00e9rica Latina, Europa y Estados Unidos. Adem\u00e1s, desde 2019 hasta 2024, un total de 3,897 beneficiarios han regresado luego de completar su tiempo de formaci\u00f3n, lo que evidencia la efectividad de estas becas en el desarrollo profesional de los periodistas.<\/p>\n<p>Fuente: Voz sin Censura<\/p>\n","protected":false},"excerpt":{"rendered":"<p>Compromiso con la formaci\u00f3n y superaci\u00f3n profesional de los periodistas Santo Domingo. \u2013 El periodista<\/p>\n","protected":false},"author":1,"featured_media":40045,"comment_status":"open","ping_status":"open","sticky":false,"template":"","format":"standard","meta":{"footnotes":""},"categories":[4],"tags":[],"class_list":["post-40044","post","type-post","status-publish","format-standard","has-post-thumbnail","hentry","category-opiniones"],"_links":{"self":[{"href":"https:\/\/defrentealaverdad.com\/index.php\/wp-json\/wp\/v2\/posts\/40044","targetHints":{"allow":["GET"]}}],"collection":[{"href":"https:\/\/defrentealaverdad.com\/index.php\/wp-json\/wp\/v2\/posts"}],"about":[{"href":"https:\/\/defrentealaverdad.com\/index.php\/wp-json\/wp\/v2\/types\/post"}],"author":[{"embeddable":true,"href":"https:\/\/defrentealaverdad.com\/index.php\/wp-json\/wp\/v2\/users\/1"}],"replies":[{"embeddable":true,"href":"https:\/\/defrentealaverdad.com\/index.php\/wp-json\/wp\/v2\/comments?post=40044"}],"version-history":[{"count":1,"href":"https:\/\/defrentealaverdad.com\/index.php\/wp-json\/wp\/v2\/posts\/40044\/revisions"}],"predecessor-version":[{"id":40046,"href":"https:\/\/defrentealaverdad.com\/index.php\/wp-json\/wp\/v2\/posts\/40044\/revisions\/40046"}],"wp:featuredmedia":[{"embeddable":true,"href":"https:\/\/defrentealaverdad.com\/index.php\/wp-json\/wp\/v2\/media\/40045"}],"wp:attachment":[{"href":"https:\/\/defrentealaverdad.com\/index.php\/wp-json\/wp\/v2\/media?parent=40044"}],"wp:term":[{"taxonomy":"category","embeddable":true,"href":"https:\/\/defrentealaverdad.com\/index.php\/wp-json\/wp\/v2\/categories?post=40044"},{"taxonomy":"post_tag","embeddable":true,"href":"https:\/\/defrentealaverdad.com\/index.php\/wp-json\/wp\/v2\/tags?post=40044"}],"curies":[{"name":"wp","href":"https:\/\/api.w.org\/{rel}","templated":true}]}}