{"id":4003,"date":"2023-03-28T12:56:29","date_gmt":"2023-03-28T12:56:29","guid":{"rendered":"https:\/\/defrentealaverdad.com\/?p=4003"},"modified":"2023-03-28T12:56:29","modified_gmt":"2023-03-28T12:56:29","slug":"escritor-dominicano-que-representara-al-pais-en-paris-pondra-a-circular-su-nueva-obra-literaria","status":"publish","type":"post","link":"https:\/\/defrentealaverdad.com\/index.php\/2023\/03\/28\/escritor-dominicano-que-representara-al-pais-en-paris-pondra-a-circular-su-nueva-obra-literaria\/","title":{"rendered":"Escritor dominicano que representar\u00e1 al pa\u00eds en Paris pondr\u00e1 a circular su nueva obra literaria"},"content":{"rendered":"<p style=\"text-align: justify;\"><img decoding=\"async\" class=\"alignnone size-medium wp-image-4004 lazyload\" data-src=\"https:\/\/defrentealaverdad.com\/wp-content\/uploads\/2023\/03\/WhatsApp-Image-2023-03-28-at-08.51.12-300x300.jpeg\" alt=\"\" width=\"300\" height=\"300\" data-srcset=\"https:\/\/defrentealaverdad.com\/wp-content\/uploads\/2023\/03\/WhatsApp-Image-2023-03-28-at-08.51.12-300x300.jpeg 300w, https:\/\/defrentealaverdad.com\/wp-content\/uploads\/2023\/03\/WhatsApp-Image-2023-03-28-at-08.51.12-150x150.jpeg 150w, https:\/\/defrentealaverdad.com\/wp-content\/uploads\/2023\/03\/WhatsApp-Image-2023-03-28-at-08.51.12-768x768.jpeg 768w, https:\/\/defrentealaverdad.com\/wp-content\/uploads\/2023\/03\/WhatsApp-Image-2023-03-28-at-08.51.12.jpeg 960w\" data-sizes=\"(max-width: 300px) 100vw, 300px\" src=\"data:image\/svg+xml;base64,PHN2ZyB3aWR0aD0iMSIgaGVpZ2h0PSIxIiB4bWxucz0iaHR0cDovL3d3dy53My5vcmcvMjAwMC9zdmciPjwvc3ZnPg==\" style=\"--smush-placeholder-width: 300px; --smush-placeholder-aspect-ratio: 300\/300;\" \/><\/p>\n<p style=\"text-align: justify;\">Este jueves 30 de marzo a las 3:30 p.m. el escritor V\u00edctor Andr\u00e9s De Oleo pondr\u00e1 a circular su nueva obra \u00abEl sastre de las mariposas\u00bb un excelente poemario donde el escritor hace gala de su ingenio y de su calidad po\u00e9tica; dicho evento se llevar\u00e1 a cabo en la Universidad Pedro<br \/>\nHenr\u00edquez Ure\u00f1a auditorio edificio 3.<\/p>\n<p style=\"text-align: justify;\">La escritora Denisse Espa\u00f1ol dice que V\u00edctor Andr\u00e9s escribe o borda \u00abEl sastre de las mariposas\u00bb sobre una superficie de piel o de aire; lo digo porque algunos poemas duelen y otros alzan el vuelo despu\u00e9s de ser le\u00eddos. Dentro de este imaginario con forma de alas se hila mantas de luz y sombras tan l\u00facidas como la locura, donde la casa habita las sillas o un olvido es capaz modificar el destino, cubri\u00e9ndolo todo, hasta el tiempo. Su presencia persiste a lo largo de todo el poemario, tanto en su sonar cl\u00e1sicos de reloj como en el ritmo de las gotas o en los segundos que se estiran hasta caer. Redondo y a la vez libre, \u00abEl sastre de las mariposas\u00bb aguarda para agujerearte la raz\u00f3n.<\/p>\n<p style=\"text-align: justify;\">Victor Andr\u00e9s De Oleo, (La Romana, 1991). Escritor, poeta y licenciado en Matem\u00e1ticas. Miembro fundador y actual coordinador del C\u00edrculo de Escritores Escalera de Papel, desde donde ha participado en distintas actividades literarias. Su poema Onirismo gan\u00f3 menci\u00f3n de honor en el concurso de poes\u00eda celebrado durante la Feria Regional del Libro Monte Plata 2019. Gan\u00f3 el Premio de Cuento Joven Pedro Peix 2021, con su libro de cuentos Conejos &amp; bastones. En 2022 result\u00f3 ganador del tercer lugar en el concurso de cuentos de Casa de Teatro con el texto La breve resurrecci\u00f3n.<\/p>\n<p style=\"text-align: justify;\">\n<p style=\"text-align: justify;\">V\u00edctor Andr\u00e9s De Oleo fue seleccionado entre uno de los diez j\u00f3venes poetas del Caribe para promocionar su obra en el Mercado de la Poes\u00eda de Par\u00edsComo resultado de la convocatoria a j\u00f3venes poetas del Caribe, lanzada el pasado mes de febrero bajo el auspicio del programa de la UNESCO Transcultura: Integrando a Cuba, el Caribe y la Uni\u00f3n Europea mediante la Cultura y la Creatividad, financiado por la Uni\u00f3n Europea, 10 j\u00f3venes poetas de entre 18 y 35 a\u00f1os fueron seleccionados entre 252 candidaturas para presentar su obra en la 40 edici\u00f3n del<br \/>\nMercado de la Poes\u00eda (March\u00e9 de la Po\u00e9sie).<\/p>\n<p style=\"text-align: justify;\">Se trata de uno de los eventos literarios de mayor alcance en Francia y Europa. Su pr\u00f3xima edici\u00f3n tendr\u00e1 lugar en Par\u00eds entre el 7 y el 11 de junio pr\u00f3ximos y tendr\u00e1 por primera vez al Caribe como regi\u00f3n invitada de honor como resultado de esta alianza con el programa Transcultura<\/p>\n<p style=\"text-align: justify;\">Fuente: Externa<\/p>\n","protected":false},"excerpt":{"rendered":"<p>Este jueves 30 de marzo a las 3:30 p.m. el escritor V\u00edctor Andr\u00e9s De Oleo<\/p>\n","protected":false},"author":1,"featured_media":0,"comment_status":"open","ping_status":"open","sticky":false,"template":"","format":"standard","meta":{"footnotes":""},"categories":[16],"tags":[],"class_list":["post-4003","post","type-post","status-publish","format-standard","hentry","category-internacionales"],"_links":{"self":[{"href":"https:\/\/defrentealaverdad.com\/index.php\/wp-json\/wp\/v2\/posts\/4003","targetHints":{"allow":["GET"]}}],"collection":[{"href":"https:\/\/defrentealaverdad.com\/index.php\/wp-json\/wp\/v2\/posts"}],"about":[{"href":"https:\/\/defrentealaverdad.com\/index.php\/wp-json\/wp\/v2\/types\/post"}],"author":[{"embeddable":true,"href":"https:\/\/defrentealaverdad.com\/index.php\/wp-json\/wp\/v2\/users\/1"}],"replies":[{"embeddable":true,"href":"https:\/\/defrentealaverdad.com\/index.php\/wp-json\/wp\/v2\/comments?post=4003"}],"version-history":[{"count":1,"href":"https:\/\/defrentealaverdad.com\/index.php\/wp-json\/wp\/v2\/posts\/4003\/revisions"}],"predecessor-version":[{"id":4005,"href":"https:\/\/defrentealaverdad.com\/index.php\/wp-json\/wp\/v2\/posts\/4003\/revisions\/4005"}],"wp:attachment":[{"href":"https:\/\/defrentealaverdad.com\/index.php\/wp-json\/wp\/v2\/media?parent=4003"}],"wp:term":[{"taxonomy":"category","embeddable":true,"href":"https:\/\/defrentealaverdad.com\/index.php\/wp-json\/wp\/v2\/categories?post=4003"},{"taxonomy":"post_tag","embeddable":true,"href":"https:\/\/defrentealaverdad.com\/index.php\/wp-json\/wp\/v2\/tags?post=4003"}],"curies":[{"name":"wp","href":"https:\/\/api.w.org\/{rel}","templated":true}]}}