{"id":39961,"date":"2025-02-20T23:32:55","date_gmt":"2025-02-20T23:32:55","guid":{"rendered":"https:\/\/defrentealaverdad.com\/?p=39961"},"modified":"2025-02-20T23:32:55","modified_gmt":"2025-02-20T23:32:55","slug":"omar-fernandez-es-bien-valorado-por-75-de-dominicanos-segun-gallup","status":"publish","type":"post","link":"https:\/\/defrentealaverdad.com\/index.php\/2025\/02\/20\/omar-fernandez-es-bien-valorado-por-75-de-dominicanos-segun-gallup\/","title":{"rendered":"Omar Fern\u00e1ndez es bien valorado por 75% de dominicanos, seg\u00fan Gallup"},"content":{"rendered":"<p style=\"text-align: justify;\">Omar Fern\u00e1ndez, actual senador capitale\u00f1o, es valorado positivamente por un 75% de la poblaci\u00f3n , seg\u00fan la encuesta m\u00e1s reciente medici\u00f3n de Gallup-RCC Media.<img decoding=\"async\" class=\"size-medium wp-image-39962 alignleft lazyload\" data-src=\"https:\/\/defrentealaverdad.com\/wp-content\/uploads\/2025\/02\/IMG-20250220-WA0236-300x192.jpg\" alt=\"\" width=\"300\" height=\"192\" data-srcset=\"https:\/\/defrentealaverdad.com\/wp-content\/uploads\/2025\/02\/IMG-20250220-WA0236-300x192.jpg 300w, https:\/\/defrentealaverdad.com\/wp-content\/uploads\/2025\/02\/IMG-20250220-WA0236-1024x655.jpg 1024w, https:\/\/defrentealaverdad.com\/wp-content\/uploads\/2025\/02\/IMG-20250220-WA0236-768x491.jpg 768w, https:\/\/defrentealaverdad.com\/wp-content\/uploads\/2025\/02\/IMG-20250220-WA0236.jpg 1119w\" data-sizes=\"(max-width: 300px) 100vw, 300px\" src=\"data:image\/svg+xml;base64,PHN2ZyB3aWR0aD0iMSIgaGVpZ2h0PSIxIiB4bWxucz0iaHR0cDovL3d3dy53My5vcmcvMjAwMC9zdmciPjwvc3ZnPg==\" style=\"--smush-placeholder-width: 300px; --smush-placeholder-aspect-ratio: 300\/192;\" \/><\/p>\n<p style=\"text-align: justify;\">El 67.9% de los encuestados calific\u00f3 como muy buena o buena la imagen del pol\u00edtico, a lo que se le suma el 7.1% lo asume como regular.<\/p>\n<p style=\"text-align: justify;\">Entre los consultados apenas un 12.8% no sabe o no responde y un 12.0% entiende mala la imagen del congresista opositor.<\/p>\n<p style=\"text-align: justify;\">Con cerca de cinco a\u00f1os como congresista, Omar Fern\u00e1ndez se confirma como el mejor valorado entre los pol\u00edticos opositores<\/p>\n<p style=\"text-align: justify;\">En las pasadas elecciones congresuales, Omar Fern\u00e1ndez alcanz\u00f3 un 56.20% de los votos en la capital en el nivel senatorial muy superior a los vaticinios luego de un desbordado apoyo del oficialismo a Guillermo Moreno quien fue superado por m\u00e1s de 16 puntos porcentuales.<\/p>\n<p style=\"text-align: justify;\">Raquel Pe\u00f1a y Carolina Mej\u00eda del oficialismo quedan detr\u00e1s del joven promesa, mientras Abel Martinez y Leonel Fern\u00e1ndez son los opositores m\u00e1s pr\u00f3ximos Omar con una separaci\u00f3n 13 y 16 puntos respectivamente.<\/p>\n<p style=\"text-align: justify;\"><img decoding=\"async\" class=\"size-medium wp-image-39963 alignright lazyload\" data-src=\"https:\/\/defrentealaverdad.com\/wp-content\/uploads\/2025\/02\/IMG-20250220-WA0237-300x240.jpg\" alt=\"\" width=\"300\" height=\"240\" data-srcset=\"https:\/\/defrentealaverdad.com\/wp-content\/uploads\/2025\/02\/IMG-20250220-WA0237-300x240.jpg 300w, https:\/\/defrentealaverdad.com\/wp-content\/uploads\/2025\/02\/IMG-20250220-WA0237-1024x819.jpg 1024w, https:\/\/defrentealaverdad.com\/wp-content\/uploads\/2025\/02\/IMG-20250220-WA0237-768x614.jpg 768w, https:\/\/defrentealaverdad.com\/wp-content\/uploads\/2025\/02\/IMG-20250220-WA0237.jpg 1280w\" data-sizes=\"(max-width: 300px) 100vw, 300px\" src=\"data:image\/svg+xml;base64,PHN2ZyB3aWR0aD0iMSIgaGVpZ2h0PSIxIiB4bWxucz0iaHR0cDovL3d3dy53My5vcmcvMjAwMC9zdmciPjwvc3ZnPg==\" style=\"--smush-placeholder-width: 300px; --smush-placeholder-aspect-ratio: 300\/240;\" \/>En este estudio especial realizado para RCC Media, Gallup entrevist\u00f3 cara a cara con una muestra de 1,200 ciudadanos, con un margen de error de \u00b12.8 puntos.<\/p>\n<p>Fuente: Ofc. Senatorial DN<\/p>\n","protected":false},"excerpt":{"rendered":"<p>Omar Fern\u00e1ndez, actual senador capitale\u00f1o, es valorado positivamente por un 75% de la poblaci\u00f3n ,<\/p>\n","protected":false},"author":1,"featured_media":39964,"comment_status":"open","ping_status":"open","sticky":false,"template":"","format":"standard","meta":{"footnotes":""},"categories":[7],"tags":[],"class_list":["post-39961","post","type-post","status-publish","format-standard","has-post-thumbnail","hentry","category-nacionales"],"_links":{"self":[{"href":"https:\/\/defrentealaverdad.com\/index.php\/wp-json\/wp\/v2\/posts\/39961","targetHints":{"allow":["GET"]}}],"collection":[{"href":"https:\/\/defrentealaverdad.com\/index.php\/wp-json\/wp\/v2\/posts"}],"about":[{"href":"https:\/\/defrentealaverdad.com\/index.php\/wp-json\/wp\/v2\/types\/post"}],"author":[{"embeddable":true,"href":"https:\/\/defrentealaverdad.com\/index.php\/wp-json\/wp\/v2\/users\/1"}],"replies":[{"embeddable":true,"href":"https:\/\/defrentealaverdad.com\/index.php\/wp-json\/wp\/v2\/comments?post=39961"}],"version-history":[{"count":1,"href":"https:\/\/defrentealaverdad.com\/index.php\/wp-json\/wp\/v2\/posts\/39961\/revisions"}],"predecessor-version":[{"id":39965,"href":"https:\/\/defrentealaverdad.com\/index.php\/wp-json\/wp\/v2\/posts\/39961\/revisions\/39965"}],"wp:featuredmedia":[{"embeddable":true,"href":"https:\/\/defrentealaverdad.com\/index.php\/wp-json\/wp\/v2\/media\/39964"}],"wp:attachment":[{"href":"https:\/\/defrentealaverdad.com\/index.php\/wp-json\/wp\/v2\/media?parent=39961"}],"wp:term":[{"taxonomy":"category","embeddable":true,"href":"https:\/\/defrentealaverdad.com\/index.php\/wp-json\/wp\/v2\/categories?post=39961"},{"taxonomy":"post_tag","embeddable":true,"href":"https:\/\/defrentealaverdad.com\/index.php\/wp-json\/wp\/v2\/tags?post=39961"}],"curies":[{"name":"wp","href":"https:\/\/api.w.org\/{rel}","templated":true}]}}