{"id":39955,"date":"2025-02-20T23:26:58","date_gmt":"2025-02-20T23:26:58","guid":{"rendered":"https:\/\/defrentealaverdad.com\/?p=39955"},"modified":"2025-02-20T23:27:17","modified_gmt":"2025-02-20T23:27:17","slug":"conaleche-continua-fortaleciendo-la-productividad-del-sector-lacteo-este-2025","status":"publish","type":"post","link":"https:\/\/defrentealaverdad.com\/index.php\/2025\/02\/20\/conaleche-continua-fortaleciendo-la-productividad-del-sector-lacteo-este-2025\/","title":{"rendered":"CONALECHE contin\u00faa fortaleciendo la productividad del sector l\u00e1cteo este 2025"},"content":{"rendered":"<p style=\"text-align: justify;\">Santo Domingo, RD. \u2013 El Consejo Nacional para la Reglamentaci\u00f3n y Fomento de la Industria Lechera (CONALECHE) anunci\u00f3 que durante este 2025 continuar\u00e1 trabajando en la ejecuci\u00f3n de importantes proyectos dirigidos a impulsar la productividad, calidad e inocuidad del sector l\u00e1cteo en la Rep\u00fablica Dominicana.<\/p>\n<p style=\"text-align: justify;\">Miguel Laureano, director ejecutivo de CONALECHE, destac\u00f3 que uno de los principales enfoques de este a\u00f1o es la implementaci\u00f3n del proyecto de Normalizaci\u00f3n de las Procesadoras L\u00e1cteas de la Rep\u00fablica Dominicana (NOPROLAC).<\/p>\n<p style=\"text-align: justify;\">Este programa, el primero de su tipo gestionado por la instituci\u00f3n, en conjunto con la Direcci\u00f3n General de Ganader\u00eda (DIGEGA), entre otras entidades p\u00fablicas y descentralizadas, en busca fortalecer el sector l\u00e1cteo, especialmente las medianas y peque\u00f1as queser\u00edas del pa\u00eds.<\/p>\n<p style=\"text-align: justify;\">El proyecto NOPROLAC tiene como objetivo mejorar las condiciones en que operan las procesadoras l\u00e1cteas nacionales, asegurando que cumplan con normas de higiene y calidad internacionalmente aceptadas. Adem\u00e1s, busca incrementar la productividad, rentabilidad y competitividad de estas procesadoras.<\/p>\n<p style=\"text-align: justify;\">La iniciativa fue respaldada por el Ministerio de Econom\u00eda, Planificaci\u00f3n y Desarrollo (MEPyD) y la Direcci\u00f3n General de Presupuesto (DIGEPRES), ser\u00e1 ejecutada en coordinaci\u00f3n con el Ministerio de Agricultura, el Ministerio de Industria, Comercio y Mipymes (MICM), el Ministerio de Salud P\u00fablica y Asistencia Social (MISPAS), la Direcci\u00f3n General de Medicamentos, Alimentos y Productos Sanitarios (DIGEMAPS), entre otras instituciones.<\/p>\n<p style=\"text-align: justify;\">El proyecto incluye mejoras significativas en infraestructura y equipamiento para las plantas procesadoras de l\u00e1cteos, as\u00ed como la certificaci\u00f3n de estas instalaciones. Tambi\u00e9n se contempla la capacitaci\u00f3n de productores y personal en buenas pr\u00e1cticas de producci\u00f3n, manufactura y gesti\u00f3n de calidad.<\/p>\n<p style=\"text-align: justify;\">Durante su discurso, Miguel Laureano tambi\u00e9n reconoci\u00f3 los logros alcanzados por el CONALECHE en 2024 en materia de financiamiento al sector ganadero. Record\u00f3 que durante ese a\u00f1o se aprobaron m\u00e1s de RD$363 millones en pr\u00e9stamos dirigidos a peque\u00f1os y medianos productores de ganado a nivel nacional. Este apoyo financiero permiti\u00f3 mejorar las condiciones de producci\u00f3n en las comunidades rurales y fortalecer el sector l\u00e1cteo.<\/p>\n<p style=\"text-align: justify;\">En la primera reuni\u00f3n de 2025, la Comisi\u00f3n de Cr\u00e9dito de CONALECHE anunci\u00f3 la aprobaci\u00f3n de 17 nuevos pr\u00e9stamos, ratificando el compromiso de la instituci\u00f3n con el desarrollo econ\u00f3mico y social de los ganaderos.<\/p>\n<p style=\"text-align: justify;\">Por otra parte, Laureano destac\u00f3 la continuidad del Proyecto de Mejoramiento de la Ganader\u00eda en Rep\u00fablica Dominicana (PROMEGAN), el cual ha marcado un avance significativo para el sector. Este programa ha permitido la implementaci\u00f3n de mejores pr\u00e1cticas en la producci\u00f3n ganadera, garantizando as\u00ed el crecimiento sostenible de la industria de la leche.<\/p>\n<p style=\"text-align: justify;\">Agradeci\u00f3 al gobierno del presidente Luis Abinader, por los aportes al crecimiento del sector y record\u00f3 el aumento en la inversi\u00f3n p\u00fablica en el desayuno escolar, lo que ha contribuido en la productividad de la leche.<\/p>\n<p style=\"text-align: justify;\">Las declaraciones del director ejecutivo fueron ofrecidas durante el dep\u00f3sito de una ofrenda floral en el Altar de la Patria, en conmemoraci\u00f3n del 181 aniversario de la Independencia Nacional. El funcionario aprovech\u00f3 la ocasi\u00f3n para reafirmar el compromiso de la instituci\u00f3n con el fortalecimiento del sector lechero, reconociendo su papel como motor de la econom\u00eda nacional y como elemento clave para la soberan\u00eda alimentaria del pa\u00eds.<\/p>\n<p>Fuente: CONALECHE<\/p>\n","protected":false},"excerpt":{"rendered":"<p>Santo Domingo, RD. \u2013 El Consejo Nacional para la Reglamentaci\u00f3n y Fomento de la Industria<\/p>\n","protected":false},"author":4,"featured_media":39957,"comment_status":"open","ping_status":"open","sticky":false,"template":"","format":"standard","meta":{"footnotes":""},"categories":[7],"tags":[],"class_list":["post-39955","post","type-post","status-publish","format-standard","has-post-thumbnail","hentry","category-nacionales"],"_links":{"self":[{"href":"https:\/\/defrentealaverdad.com\/index.php\/wp-json\/wp\/v2\/posts\/39955","targetHints":{"allow":["GET"]}}],"collection":[{"href":"https:\/\/defrentealaverdad.com\/index.php\/wp-json\/wp\/v2\/posts"}],"about":[{"href":"https:\/\/defrentealaverdad.com\/index.php\/wp-json\/wp\/v2\/types\/post"}],"author":[{"embeddable":true,"href":"https:\/\/defrentealaverdad.com\/index.php\/wp-json\/wp\/v2\/users\/4"}],"replies":[{"embeddable":true,"href":"https:\/\/defrentealaverdad.com\/index.php\/wp-json\/wp\/v2\/comments?post=39955"}],"version-history":[{"count":1,"href":"https:\/\/defrentealaverdad.com\/index.php\/wp-json\/wp\/v2\/posts\/39955\/revisions"}],"predecessor-version":[{"id":39956,"href":"https:\/\/defrentealaverdad.com\/index.php\/wp-json\/wp\/v2\/posts\/39955\/revisions\/39956"}],"wp:featuredmedia":[{"embeddable":true,"href":"https:\/\/defrentealaverdad.com\/index.php\/wp-json\/wp\/v2\/media\/39957"}],"wp:attachment":[{"href":"https:\/\/defrentealaverdad.com\/index.php\/wp-json\/wp\/v2\/media?parent=39955"}],"wp:term":[{"taxonomy":"category","embeddable":true,"href":"https:\/\/defrentealaverdad.com\/index.php\/wp-json\/wp\/v2\/categories?post=39955"},{"taxonomy":"post_tag","embeddable":true,"href":"https:\/\/defrentealaverdad.com\/index.php\/wp-json\/wp\/v2\/tags?post=39955"}],"curies":[{"name":"wp","href":"https:\/\/api.w.org\/{rel}","templated":true}]}}