{"id":39952,"date":"2025-02-20T23:19:58","date_gmt":"2025-02-20T23:19:58","guid":{"rendered":"https:\/\/defrentealaverdad.com\/?p=39952"},"modified":"2025-02-20T23:19:58","modified_gmt":"2025-02-20T23:19:58","slug":"por-que-el-dia-del-gato-se-celebra-el-20-de-febrero","status":"publish","type":"post","link":"https:\/\/defrentealaverdad.com\/index.php\/2025\/02\/20\/por-que-el-dia-del-gato-se-celebra-el-20-de-febrero\/","title":{"rendered":"\u00bfPor qu\u00e9 el D\u00eda del Gato se celebra el 20 de febrero?"},"content":{"rendered":"<p style=\"text-align: justify;\">En febrero, mes del amor y de la amistad, se celebran diversas efem\u00e9rides en todo el mundo, pero una fecha que no podr\u00eda pasar desapercibida es el D\u00eda Internacional del Gato, un d\u00eda en el que se busca crear conciencia sobre la tenencia responsable de mascotas. Es por ello que en honor a este d\u00eda, te contaremos por qu\u00e9 se festeja al felino los 20 de febrero y qu\u00e9 otros dos d\u00edas tambi\u00e9n est\u00e1n destinados a hacerlo.<\/p>\n<p style=\"text-align: justify;\">Estos animales, que son mascotas en varias partes del mundo, se celebran internacionalmente el 20 de febrero en honor al gato m\u00e1s famoso y \u201cpoderoso\u201d de los a\u00f1os 90, se llamaba Socks, adoptado por Chelsea, hija de Bill Clinton, ex presidente de Estados Unidos.<\/p>\n<p style=\"text-align: justify;\">Socks era de los pocos seres sobre la Tierra que pod\u00eda \u201cacampar a sus anchas\u201d por las amplias instalaciones de la casa y despacho presidenciales, se colaba en los actos p\u00fablicos del presidente, alcanzando en aquella \u00e9poca gran popularidad tanto en Estados Unidos como en el resto del mundo, ya que el gato aparec\u00eda en la sala presidencial durante los actos de prensa.<\/p>\n<p style=\"text-align: justify;\">En poco tiempo se convirti\u00f3 en una celebridad, ten\u00eda su propia p\u00e1gina web, un club de fans y recib\u00eda una enorme cantidad de cartas desde todas partes del pa\u00eds.<\/p>\n<p style=\"text-align: justify;\">Socks envejeci\u00f3 haciendo varias apariciones y campa\u00f1as para recaudar fondos con diferentes fines ben\u00e9ficos, pero con los a\u00f1os desarroll\u00f3 varios problemas de salud, y, finalmente, un c\u00e1ncer de garganta por el cual decidieron someterle a la eutanasia para evitarle mayores sufrimientos, esto sucedi\u00f3 el 20 de febrero de 2009<\/p>\n<p style=\"text-align: justify;\">Pero como es de esperar, no solamente se puede celebrar la existencia y el acompa\u00f1amiento de estos animales en una sola fecha, es por eso que hay otros dos d\u00edas en el calendario destinados para festejar esta efem\u00e9ride.<\/p>\n<p style=\"text-align: justify;\">Se tratan de los d\u00edas 8 de agosto y 29 de octubre, fechas en las que tambi\u00e9n se le rinde homenaje a esta mascota. Sea cual sea la fecha, el objetivo principal es crear conciencia a la poblaci\u00f3n sobre una tenencia responsable.<\/p>\n<p>&nbsp;<\/p>\n<p>\u00bfPOR QU\u00c9 SE CELEBRA EL 8 DE AGOSTO Y EL 29 DE OCTUBRE?<\/p>\n<p style=\"text-align: justify;\">La celebraci\u00f3n del 8 de agosto se estableci\u00f3 en el 2002, tambi\u00e9n por el Fondo Internacional para el Bienestar de los Animales (IFAW) para llamar la atenci\u00f3n sobre los derechos de los animales y por coincidir con la \u00e9poca de mayor fertilidad en el hemisferio norte.<\/p>\n<p style=\"text-align: justify;\">El 29 de octubre, es el tercer d\u00eda dedicado a los felinos, propuesto por Colleen Paige, una experta en el comportamiento de los gatos, que quiso generar conciencia en la poblaci\u00f3n, sobre la cantidad de gatos abandonados por las calles de las ciudades. El 29 de octubre se trata del D\u00eda Nacional del Gato en los Estados Unidos pero es celebrado por todo el mundo.<\/p>\n<p>&nbsp;<\/p>\n<p>Fuente: El Comercio<\/p>\n","protected":false},"excerpt":{"rendered":"<p>En febrero, mes del amor y de la amistad, se celebran diversas efem\u00e9rides en todo<\/p>\n","protected":false},"author":2,"featured_media":39953,"comment_status":"open","ping_status":"open","sticky":false,"template":"","format":"standard","meta":{"footnotes":""},"categories":[16],"tags":[],"class_list":["post-39952","post","type-post","status-publish","format-standard","has-post-thumbnail","hentry","category-internacionales"],"_links":{"self":[{"href":"https:\/\/defrentealaverdad.com\/index.php\/wp-json\/wp\/v2\/posts\/39952","targetHints":{"allow":["GET"]}}],"collection":[{"href":"https:\/\/defrentealaverdad.com\/index.php\/wp-json\/wp\/v2\/posts"}],"about":[{"href":"https:\/\/defrentealaverdad.com\/index.php\/wp-json\/wp\/v2\/types\/post"}],"author":[{"embeddable":true,"href":"https:\/\/defrentealaverdad.com\/index.php\/wp-json\/wp\/v2\/users\/2"}],"replies":[{"embeddable":true,"href":"https:\/\/defrentealaverdad.com\/index.php\/wp-json\/wp\/v2\/comments?post=39952"}],"version-history":[{"count":1,"href":"https:\/\/defrentealaverdad.com\/index.php\/wp-json\/wp\/v2\/posts\/39952\/revisions"}],"predecessor-version":[{"id":39954,"href":"https:\/\/defrentealaverdad.com\/index.php\/wp-json\/wp\/v2\/posts\/39952\/revisions\/39954"}],"wp:featuredmedia":[{"embeddable":true,"href":"https:\/\/defrentealaverdad.com\/index.php\/wp-json\/wp\/v2\/media\/39953"}],"wp:attachment":[{"href":"https:\/\/defrentealaverdad.com\/index.php\/wp-json\/wp\/v2\/media?parent=39952"}],"wp:term":[{"taxonomy":"category","embeddable":true,"href":"https:\/\/defrentealaverdad.com\/index.php\/wp-json\/wp\/v2\/categories?post=39952"},{"taxonomy":"post_tag","embeddable":true,"href":"https:\/\/defrentealaverdad.com\/index.php\/wp-json\/wp\/v2\/tags?post=39952"}],"curies":[{"name":"wp","href":"https:\/\/api.w.org\/{rel}","templated":true}]}}