{"id":39949,"date":"2025-02-20T22:47:09","date_gmt":"2025-02-20T22:47:09","guid":{"rendered":"https:\/\/defrentealaverdad.com\/?p=39949"},"modified":"2025-02-20T22:47:09","modified_gmt":"2025-02-20T22:47:09","slug":"presidente-del-senado-ve-necesaria-promulgacion-de-la-ley-de-residuos-solidos-de-la-republica-dominicana","status":"publish","type":"post","link":"https:\/\/defrentealaverdad.com\/index.php\/2025\/02\/20\/presidente-del-senado-ve-necesaria-promulgacion-de-la-ley-de-residuos-solidos-de-la-republica-dominicana\/","title":{"rendered":"Presidente del Senado ve necesaria promulgaci\u00f3n de la ley de Residuos S\u00f3lidos de la Rep\u00fablica Dominicana"},"content":{"rendered":"<p style=\"text-align: justify;\">Santo Domingo.- El presidente del Senado, Ricardo de los Santos, destac\u00f3 hoy la importancia de la promulgaci\u00f3n de la ley n\u00famero 225-20, Ley General de Gesti\u00f3n Integral y Procesamiento de Residuos S\u00f3lidos de la Rep\u00fablica Dominicana.<\/p>\n<blockquote>\n<p style=\"text-align: justify;\">\u00abTodo el mundo apoya la ley y la ve necesaria porque viene a colaborar y a proteger le medio ambiente\u00bb, consider\u00f3 el senador durante una entrevista en el programa televisivo, Hoy Mismo.<\/p>\n<\/blockquote>\n<p style=\"text-align: justify;\">El legislador manifest\u00f3 que est\u00e1 en la mejor disposici\u00f3n de brindar el apoyo que sea necesario para que la pieza legislativa sea una realidad en el pa\u00eds.<\/p>\n<p style=\"text-align: justify;\">Valor\u00f3 que si bien es cierto que la propuesta normativa tiene algunas debilidades de forma, no de fondo, es uno de los pocos proyectos que cuenta con un amplio respaldo de todos los sectores sociales.<\/p>\n<blockquote>\n<p style=\"text-align: justify;\">\u00abVamos a hacer todos los aportes necesarios y escucharemos a todos los sectores:, resalt\u00f3.<\/p>\n<\/blockquote>\n<p style=\"text-align: justify;\">De los Santos indic\u00f3 que aunque ya fue aprobada, a\u00fan se le pueden hacer las modificaciones necesarias a la ley, por tratarse de un Congreso bicameral, que permite pasar los proyecos por una c\u00e1mara y luego filtrar en la otra, lo que garantiza que lo que se pudo haber escapado, se puede coreregir a tiempo.<\/p>\n<p style=\"text-align: justify;\"><strong>Pero, \u00bfen qu\u00e9 consiste la ley?<\/strong><\/p>\n<p style=\"text-align: justify;\">La normativa busca fortalecer la gesti\u00f3n integral y sostenible de los residuos s\u00f3lidos, a fin de mantener la armon\u00eda entre las personas y su ambiente.<\/p>\n<p style=\"text-align: justify;\">Establece que el manejo y la gesti\u00f3n integral y disposici\u00f3n final de los residuos es uno de los principales pilares de la Ley No. 225-20, ya que el aumento de la poblaci\u00f3n, junto a los cambios en los patrones de consumo, ha provocado un incremento en la cantidad de residuos que se generan en el pa\u00eds.<\/p>\n<p style=\"text-align: justify;\">En virtud de esto, se hace necesario adoptar medidas que garanticen la conservaci\u00f3n del ambiente sano y ecol\u00f3gicamente equilibrado para las presentes y futuras generaciones.<\/p>\n<p style=\"text-align: justify;\"><strong>Prop\u00f3sito<\/strong> <strong>de la ley<\/strong><\/p>\n<p style=\"text-align: justify;\">Esta ley tiene el prop\u00f3sito de fortalecer el marco normativo para la gesti\u00f3n integral y sostenible de los residuos s\u00f3lidos, modificando los art\u00edculos 4, en los numerales 11, 38, y 39; y se agregan los numerales 21-bis, 26-bis y 47-bis.<\/p>\n<p style=\"text-align: justify;\">Adem\u00e1s, modifica los art\u00edculos 16 y 17 de la presente ley con el fin de mantener la armon\u00eda entre las personas y su ambiente, e impedir, subsanar, corregir o eliminar las situaciones que pongan en riesgo la calidad de los recursos naturales y de la bi\u00f3sfera.<\/p>\n<p style=\"text-align: justify;\"><strong>Iniciativa legislativa<\/strong><\/p>\n<p style=\"text-align: justify;\">Recientemente, el Senado de la Rep\u00fablica aprob\u00f3 y declar\u00f3 de urgencia en dos lecturas consecutivas, las modificaciones a la ley n\u00famero 225-20, proyecto que fue presentado por los senadores Ram\u00f3n Rogelio Genao Dur\u00e1n por de la provincia La Vega; y Ginnette Bournigal de Jim\u00e9nez de Puerto Plata.<\/p>\n<p style=\"text-align: justify;\">La iniciativa refiere que desde la promulgaci\u00f3n de la Ley 225-20, Ley General de Gesti\u00f3n Integral y Coprocesamiento de Residuos S\u00f3lidos, no se han logrado grandes avances en la reducci\u00f3n del impacto ambiental de los residuos s\u00f3lidos y persisten desaf\u00edos en la implementaci\u00f3n efectiva de la gesti\u00f3n integral de estos.<\/p>\n<p>Fuente: Senado RD<\/p>\n","protected":false},"excerpt":{"rendered":"<p>Santo Domingo.- El presidente del Senado, Ricardo de los Santos, destac\u00f3 hoy la importancia de<\/p>\n","protected":false},"author":1,"featured_media":39950,"comment_status":"open","ping_status":"open","sticky":false,"template":"","format":"standard","meta":{"footnotes":""},"categories":[7],"tags":[],"class_list":["post-39949","post","type-post","status-publish","format-standard","has-post-thumbnail","hentry","category-nacionales"],"_links":{"self":[{"href":"https:\/\/defrentealaverdad.com\/index.php\/wp-json\/wp\/v2\/posts\/39949","targetHints":{"allow":["GET"]}}],"collection":[{"href":"https:\/\/defrentealaverdad.com\/index.php\/wp-json\/wp\/v2\/posts"}],"about":[{"href":"https:\/\/defrentealaverdad.com\/index.php\/wp-json\/wp\/v2\/types\/post"}],"author":[{"embeddable":true,"href":"https:\/\/defrentealaverdad.com\/index.php\/wp-json\/wp\/v2\/users\/1"}],"replies":[{"embeddable":true,"href":"https:\/\/defrentealaverdad.com\/index.php\/wp-json\/wp\/v2\/comments?post=39949"}],"version-history":[{"count":1,"href":"https:\/\/defrentealaverdad.com\/index.php\/wp-json\/wp\/v2\/posts\/39949\/revisions"}],"predecessor-version":[{"id":39951,"href":"https:\/\/defrentealaverdad.com\/index.php\/wp-json\/wp\/v2\/posts\/39949\/revisions\/39951"}],"wp:featuredmedia":[{"embeddable":true,"href":"https:\/\/defrentealaverdad.com\/index.php\/wp-json\/wp\/v2\/media\/39950"}],"wp:attachment":[{"href":"https:\/\/defrentealaverdad.com\/index.php\/wp-json\/wp\/v2\/media?parent=39949"}],"wp:term":[{"taxonomy":"category","embeddable":true,"href":"https:\/\/defrentealaverdad.com\/index.php\/wp-json\/wp\/v2\/categories?post=39949"},{"taxonomy":"post_tag","embeddable":true,"href":"https:\/\/defrentealaverdad.com\/index.php\/wp-json\/wp\/v2\/tags?post=39949"}],"curies":[{"name":"wp","href":"https:\/\/api.w.org\/{rel}","templated":true}]}}