{"id":39946,"date":"2025-02-20T22:43:25","date_gmt":"2025-02-20T22:43:25","guid":{"rendered":"https:\/\/defrentealaverdad.com\/?p=39946"},"modified":"2025-02-20T22:43:28","modified_gmt":"2025-02-20T22:43:28","slug":"selinee-mendez-comprometida-en-transformar-la-vida-de-los-adultos-mayores","status":"publish","type":"post","link":"https:\/\/defrentealaverdad.com\/index.php\/2025\/02\/20\/selinee-mendez-comprometida-en-transformar-la-vida-de-los-adultos-mayores\/","title":{"rendered":"Selin\u00e9e M\u00e9ndez comprometida en transformar la vida de los adultos mayores"},"content":{"rendered":"<blockquote>\n<p style=\"text-align: justify;\">\u2018Yo Corro por Ti\u2019 es la caminata solidaria que se realizar\u00e1 el s\u00e1bado 29 de marzo para recaudar fondos en favor del Hogar San Francisco de As\u00eds.<\/p>\n<\/blockquote>\n<p style=\"text-align: justify;\">En un gesto de solidaridad y compromiso social, la diputada Selin\u00e9e M\u00e9ndez organiza la caminata \u2018Yo Corro por Ti\u2019, una iniciativa que busca recaudar fondos para mejorar las condiciones de vida de los adultos mayores del Hogar de Envejecientes San Francisco de As\u00eds.<\/p>\n<p style=\"text-align: justify;\">El evento se realizar\u00e1 el s\u00e1bado 29 de marzo a las 4:00 p.m., en la avenida de la Salud del Parque Mirador Sur, y espera reunir a cientos de personas en una jornada de amor y apoyo a quienes tanto han dado por la sociedad.<\/p>\n<p style=\"text-align: justify;\">\u201cYo Corro por Ti, es una invitaci\u00f3n a reflexionar sobre la responsabilidad que tenemos con nuestros adultos mayores, porque son el pilar de nuestra historia, guardianes de valores y tradiciones. Muchos de ellos han quedado en el olvido, pero a\u00fan tienen mucho que ense\u00f1arnos y compartir. Este encuentro es un llamado a caminar por ellos, a reconocer su legado y a darles el cari\u00f1o y el apoyo que merecen\u201d, expres\u00f3 Selin\u00e9e M\u00e9ndez.<\/p>\n<p style=\"text-align: justify;\">La jornada est\u00e1 dise\u00f1ada para fomentar la integraci\u00f3n familiar y la conciencia social, permitiendo la participaci\u00f3n de ni\u00f1os, adultos, adultos mayores e incluso mascotas.<\/p>\n<blockquote>\n<p style=\"text-align: justify;\">\u201cSer\u00e1 una oportunidad para compartir en comunidad, sensibilizarnos sobre la realidad de los envejecientes y brindar una mano amiga a quienes lo necesitan\u201d, puntualiz\u00f3 M\u00e9ndez.<\/p>\n<\/blockquote>\n<p style=\"text-align: justify;\">Actualmente, el Hogar San Francisco de As\u00eds alberga a 190 adultos mayores, pero enfrenta una lista de espera de igual cantidad de personas debido a la falta de recursos y capacidad de infraestructura. Sus instalaciones requieren mejoras urgentes y, dentro de sus planes futuros, se contempla la construcci\u00f3n de un parque terap\u00e9utico, un espacio que permitir\u00eda a los residentes mejorar su movilidad y bienestar emocional a trav\u00e9s de la actividad f\u00edsica y la interacci\u00f3n social.<\/p>\n<p style=\"text-align: justify;\">Sor Eugenia L\u00f3pez M\u00e9ndez, directora del Hogar, resalt\u00f3 la importancia de esta iniciativa.<\/p>\n<blockquote>\n<p style=\"text-align: justify;\">\u201cAqu\u00ed acogemos a personas que han dedicado su vida a sus familias y comunidades. Esta caminata nos ayudar\u00e1 no solo a recaudar fondos, sino a recordar que nuestros adultos mayores merecen vivir con dignidad y amor\u201d.<\/p>\n<\/blockquote>\n<p><strong>C\u00f3mo participar y aportar a la causa<\/strong><\/p>\n<p style=\"text-align: justify;\">La caminata partir\u00e1 desde la avenida de la Salud, esquina avenida Luper\u00f3n, en Santo Domingo. El aporte solidario es de RD$1,000 por persona, y las boletas pueden adquirirse en la sede del hogar o a trav\u00e9s de la plataforma www.runupdr.com.<\/p>\n<p style=\"text-align: justify;\">Para m\u00e1s informaci\u00f3n, los interesados pueden comunicarse con el Hogar San Francisco de As\u00eds, ubicado en el kil\u00f3metro 11 \u00bd de la Carretera S\u00e1nchez, avenida Independencia, o llamar al (809) 537-1703. Tambi\u00e9n pueden acceder a sus redes sociales para conocer m\u00e1s detalles sobre el evento y c\u00f3mo colaborar.<\/p>\n<p>Fuente: CRNews<\/p>\n","protected":false},"excerpt":{"rendered":"<p>\u2018Yo Corro por Ti\u2019 es la caminata solidaria que se realizar\u00e1 el s\u00e1bado 29 de<\/p>\n","protected":false},"author":2,"featured_media":39947,"comment_status":"open","ping_status":"open","sticky":false,"template":"","format":"standard","meta":{"footnotes":""},"categories":[7],"tags":[],"class_list":["post-39946","post","type-post","status-publish","format-standard","has-post-thumbnail","hentry","category-nacionales"],"_links":{"self":[{"href":"https:\/\/defrentealaverdad.com\/index.php\/wp-json\/wp\/v2\/posts\/39946","targetHints":{"allow":["GET"]}}],"collection":[{"href":"https:\/\/defrentealaverdad.com\/index.php\/wp-json\/wp\/v2\/posts"}],"about":[{"href":"https:\/\/defrentealaverdad.com\/index.php\/wp-json\/wp\/v2\/types\/post"}],"author":[{"embeddable":true,"href":"https:\/\/defrentealaverdad.com\/index.php\/wp-json\/wp\/v2\/users\/2"}],"replies":[{"embeddable":true,"href":"https:\/\/defrentealaverdad.com\/index.php\/wp-json\/wp\/v2\/comments?post=39946"}],"version-history":[{"count":1,"href":"https:\/\/defrentealaverdad.com\/index.php\/wp-json\/wp\/v2\/posts\/39946\/revisions"}],"predecessor-version":[{"id":39948,"href":"https:\/\/defrentealaverdad.com\/index.php\/wp-json\/wp\/v2\/posts\/39946\/revisions\/39948"}],"wp:featuredmedia":[{"embeddable":true,"href":"https:\/\/defrentealaverdad.com\/index.php\/wp-json\/wp\/v2\/media\/39947"}],"wp:attachment":[{"href":"https:\/\/defrentealaverdad.com\/index.php\/wp-json\/wp\/v2\/media?parent=39946"}],"wp:term":[{"taxonomy":"category","embeddable":true,"href":"https:\/\/defrentealaverdad.com\/index.php\/wp-json\/wp\/v2\/categories?post=39946"},{"taxonomy":"post_tag","embeddable":true,"href":"https:\/\/defrentealaverdad.com\/index.php\/wp-json\/wp\/v2\/tags?post=39946"}],"curies":[{"name":"wp","href":"https:\/\/api.w.org\/{rel}","templated":true}]}}