{"id":39943,"date":"2025-02-20T22:40:30","date_gmt":"2025-02-20T22:40:30","guid":{"rendered":"https:\/\/defrentealaverdad.com\/?p=39943"},"modified":"2025-02-20T22:40:30","modified_gmt":"2025-02-20T22:40:30","slug":"enriquillo-rodriguez-amiama-explora-nueva-faceta-de-su-talento-creativo","status":"publish","type":"post","link":"https:\/\/defrentealaverdad.com\/index.php\/2025\/02\/20\/enriquillo-rodriguez-amiama-explora-nueva-faceta-de-su-talento-creativo\/","title":{"rendered":"Enriquillo Rodr\u00edguez Amiama explora nueva faceta de su talento creativo"},"content":{"rendered":"<p style=\"text-align: justify;\">Santo Domingo, DN- El reconocido artista visual Enriquillo Rodr\u00edguez Amiama presentar\u00e1 su primera obra literaria titulada \u201cEl Lobista Recargado\u201d, la cual ser\u00e1 puesta en circulaci\u00f3n el pr\u00f3ximo martes 25 de febrero, en la Biblioteca Nacional Pedro Henrique Ure\u00f1a (BNPHU), ubicada en la Plaza de la Cultura, a las 6:30 de la tarde.<\/p>\n<p style=\"text-align: justify;\">Esta novela de intriga, traici\u00f3n y redenci\u00f3n mantendr\u00e1 a los lectores al borde del abismo desde la primera hasta la \u00faltima p\u00e1gina en una apasionante historia que se desarrolla en un mundo donde las l\u00edneas entre la diplomacia y el espionaje son borrosas, revela Rodr\u00edguez Amiama.<\/p>\n<p style=\"text-align: justify;\">El personaje principal, Gabriel Rojas, un h\u00e1bil lobista, se encuentra atrapado en un juego mortal, en el cual lucha por mantenerse con vida mientras desenmascara una red de conspiraciones liderada por mentes brillantes y despiadadas.<\/p>\n<p style=\"text-align: justify;\">Enriquillo Rodr\u00edguez Amiama cuenta con amplia trayectoria como artista visual y es conocido a nivel nacional e internacional por su trabajo innovador y su capacidad para capturar la esencia de la cultura caribe\u00f1a.<\/p>\n<p>&nbsp;<\/p>\n<p>Fuente:\u00a0Renania Reyna<\/p>\n<p>&nbsp;<\/p>\n","protected":false},"excerpt":{"rendered":"<p>Santo Domingo, DN- El reconocido artista visual Enriquillo Rodr\u00edguez Amiama presentar\u00e1 su primera obra literaria<\/p>\n","protected":false},"author":2,"featured_media":39944,"comment_status":"open","ping_status":"open","sticky":false,"template":"","format":"standard","meta":{"footnotes":""},"categories":[245],"tags":[],"class_list":["post-39943","post","type-post","status-publish","format-standard","has-post-thumbnail","hentry","category-cultura"],"_links":{"self":[{"href":"https:\/\/defrentealaverdad.com\/index.php\/wp-json\/wp\/v2\/posts\/39943","targetHints":{"allow":["GET"]}}],"collection":[{"href":"https:\/\/defrentealaverdad.com\/index.php\/wp-json\/wp\/v2\/posts"}],"about":[{"href":"https:\/\/defrentealaverdad.com\/index.php\/wp-json\/wp\/v2\/types\/post"}],"author":[{"embeddable":true,"href":"https:\/\/defrentealaverdad.com\/index.php\/wp-json\/wp\/v2\/users\/2"}],"replies":[{"embeddable":true,"href":"https:\/\/defrentealaverdad.com\/index.php\/wp-json\/wp\/v2\/comments?post=39943"}],"version-history":[{"count":1,"href":"https:\/\/defrentealaverdad.com\/index.php\/wp-json\/wp\/v2\/posts\/39943\/revisions"}],"predecessor-version":[{"id":39945,"href":"https:\/\/defrentealaverdad.com\/index.php\/wp-json\/wp\/v2\/posts\/39943\/revisions\/39945"}],"wp:featuredmedia":[{"embeddable":true,"href":"https:\/\/defrentealaverdad.com\/index.php\/wp-json\/wp\/v2\/media\/39944"}],"wp:attachment":[{"href":"https:\/\/defrentealaverdad.com\/index.php\/wp-json\/wp\/v2\/media?parent=39943"}],"wp:term":[{"taxonomy":"category","embeddable":true,"href":"https:\/\/defrentealaverdad.com\/index.php\/wp-json\/wp\/v2\/categories?post=39943"},{"taxonomy":"post_tag","embeddable":true,"href":"https:\/\/defrentealaverdad.com\/index.php\/wp-json\/wp\/v2\/tags?post=39943"}],"curies":[{"name":"wp","href":"https:\/\/api.w.org\/{rel}","templated":true}]}}