{"id":39931,"date":"2025-02-20T22:30:13","date_gmt":"2025-02-20T22:30:13","guid":{"rendered":"https:\/\/defrentealaverdad.com\/?p=39931"},"modified":"2025-02-20T22:30:13","modified_gmt":"2025-02-20T22:30:13","slug":"opinion-invitada-quien-te-da-derecho","status":"publish","type":"post","link":"https:\/\/defrentealaverdad.com\/index.php\/2025\/02\/20\/opinion-invitada-quien-te-da-derecho\/","title":{"rendered":"Opini\u00f3n Invitada: \u00bfQui\u00e9n te da derecho?"},"content":{"rendered":"<p style=\"text-align: justify;\">\u00bfQui\u00e9n te da derecho a destruir con palabras lo que otros han construido con esfuerzo? \u00bfQui\u00e9n eres t\u00fa para desmerecer la trayectoria de un artista, un actor, un periodista, en empresario, un deportista? De alguien que ha entregado su vida, su talento, su pasi\u00f3n para dejar un legado que trascienda generaciones.<\/p>\n<p style=\"text-align: justify;\">Somos una naci\u00f3n que parece olvidar con demasiada facilidad. En muy pocos pa\u00edses se maltrata tanto el legado de sus grandes figuras como aqu\u00ed. Mientras en otras latitudes, en M\u00e9xico, en Europa, en Estados Unidos, se honra a los que abrieron las puertas, aqu\u00ed los ignoramos, los menospreciamos, los hacemos sentir que ya no valen nada. Y lo peor: solo los recordamos cuando ya no est\u00e1n.<\/p>\n<p style=\"text-align: justify;\">Nos encanta copiar modas extranjeras, pero no copiamos el respeto que esos pa\u00edses tienen por sus leyendas. All\u00e1, un artista que llen\u00f3 estadios, un periodista que cont\u00f3 la historia de su tiempo, un actor que emocion\u00f3 a millones, siempre ser\u00e1 recordado con gratitud y admiraci\u00f3n. Aqu\u00ed, en cambio, muchas de nuestras grandes figuras mueren en el olvido, ignoradas por la misma gente a la que dieron su arte, su voz, su talento.<\/p>\n<p style=\"text-align: justify;\">Hasta cu\u00e1ndo el irrespeto. Hasta cu\u00e1ndo la indiferencia hacia quienes han marcado la historia de nuestro pa\u00eds con su arte, su voz, su disciplina. Gente que abri\u00f3 caminos, que enfrent\u00f3 barreras, que hizo de su carrera un estandarte para inspirar a otros, y que, sin embargo, son relegados al olvido porque ya no est\u00e1n en la palestra p\u00fablica o porque no se prestan al esc\u00e1ndalo del momento.<\/p>\n<p style=\"text-align: justify;\">\u00bfY qui\u00e9n te da derecho a montarte sobre el \u00e9xito de los dem\u00e1s para ganar notoriedad? A aprovecharte del camino que ellos abrieron, a recoger las migajas de su esfuerzo solo para alimentar tu ego. El talento y la grandeza no se heredan, no se imitan, no se roban. Se construyen con trabajo, con sacrificio, con d\u00e9cadas de entrega, y eso es algo que nunca podr\u00e1s igualar si solo vives de la sombra de los que verdaderamente hicieron historia.<\/p>\n<blockquote>\n<p style=\"text-align: justify;\">Rep\u00fablica Dominicana es una tierra peque\u00f1a, pero inmensamente rica en talento. Tenemos artistas, comunicadores, periodistas, deportistas, intelectuales, gestores culturales que han puesto en alto nuestra bandera. Pero, \u00bfde qu\u00e9 sirve el talento si no sabemos reconocerlo, si no sabemos honrarlo, si no sabemos agradecerlo?<\/p>\n<\/blockquote>\n<p style=\"text-align: justify;\">Podr\u00eda mencionar tantos nombres. Tantos que deber\u00edamos celebrar en vida y no solo recordar cuando se han ido. Pero hoy no lo har\u00e9. No porque no los merezcan, sino porque merecen algo m\u00e1s grande: merecen un pa\u00eds que los valore, que los respete, que les devuelva en gratitud todo lo que nos han dado.<\/p>\n<p style=\"text-align: justify;\">Es hora de dejar de ser mezquinos con los nuestros. Es hora de cambiar la mentalidad, de aprender a querer y respetar lo nuestro antes de que sea demasiado tarde. Porque, cuando nos demos cuenta del valor de lo que tuvimos, tal vez ya no quede nadie a quien honrar.<\/p>\n<p style=\"text-align: justify;\">\u00a0\u00bfQui\u00e9n te da derecho a denigrar con tus palabras infundadas a aquel que lo dio todo en su momento? \u00bfQui\u00e9n eres t\u00fa para decir que ya est\u00e1 desfasado o que ya no tiene valor? La ingratitud de una sociedad que se olvida de quienes la forjaron es un triste espejo de su propia fugacidad. Hoy los aplaude, ma\u00f1ana los olvida, como hojas que caen en oto\u00f1o, ignorando que fueron ellas las que dieron sombra en los d\u00edas m\u00e1s ardientes. Si no puedes reconocer su grandeza, al menos ten la decencia de callar.<\/p>\n<p>Fuente: Jen S\u00e1nchez<\/p>\n","protected":false},"excerpt":{"rendered":"<p>\u00bfQui\u00e9n te da derecho a destruir con palabras lo que otros han construido con esfuerzo?<\/p>\n","protected":false},"author":1,"featured_media":39932,"comment_status":"open","ping_status":"open","sticky":false,"template":"","format":"standard","meta":{"footnotes":""},"categories":[4],"tags":[],"class_list":["post-39931","post","type-post","status-publish","format-standard","has-post-thumbnail","hentry","category-opiniones"],"_links":{"self":[{"href":"https:\/\/defrentealaverdad.com\/index.php\/wp-json\/wp\/v2\/posts\/39931","targetHints":{"allow":["GET"]}}],"collection":[{"href":"https:\/\/defrentealaverdad.com\/index.php\/wp-json\/wp\/v2\/posts"}],"about":[{"href":"https:\/\/defrentealaverdad.com\/index.php\/wp-json\/wp\/v2\/types\/post"}],"author":[{"embeddable":true,"href":"https:\/\/defrentealaverdad.com\/index.php\/wp-json\/wp\/v2\/users\/1"}],"replies":[{"embeddable":true,"href":"https:\/\/defrentealaverdad.com\/index.php\/wp-json\/wp\/v2\/comments?post=39931"}],"version-history":[{"count":1,"href":"https:\/\/defrentealaverdad.com\/index.php\/wp-json\/wp\/v2\/posts\/39931\/revisions"}],"predecessor-version":[{"id":39933,"href":"https:\/\/defrentealaverdad.com\/index.php\/wp-json\/wp\/v2\/posts\/39931\/revisions\/39933"}],"wp:featuredmedia":[{"embeddable":true,"href":"https:\/\/defrentealaverdad.com\/index.php\/wp-json\/wp\/v2\/media\/39932"}],"wp:attachment":[{"href":"https:\/\/defrentealaverdad.com\/index.php\/wp-json\/wp\/v2\/media?parent=39931"}],"wp:term":[{"taxonomy":"category","embeddable":true,"href":"https:\/\/defrentealaverdad.com\/index.php\/wp-json\/wp\/v2\/categories?post=39931"},{"taxonomy":"post_tag","embeddable":true,"href":"https:\/\/defrentealaverdad.com\/index.php\/wp-json\/wp\/v2\/tags?post=39931"}],"curies":[{"name":"wp","href":"https:\/\/api.w.org\/{rel}","templated":true}]}}