{"id":39928,"date":"2025-02-20T22:26:16","date_gmt":"2025-02-20T22:26:16","guid":{"rendered":"https:\/\/defrentealaverdad.com\/?p=39928"},"modified":"2025-02-20T22:26:36","modified_gmt":"2025-02-20T22:26:36","slug":"periodista-loribeth-vargas-nominada-al-premio-provincial-de-la-juventud-2025-en-el-renglon-creadora-de-contenido","status":"publish","type":"post","link":"https:\/\/defrentealaverdad.com\/index.php\/2025\/02\/20\/periodista-loribeth-vargas-nominada-al-premio-provincial-de-la-juventud-2025-en-el-renglon-creadora-de-contenido\/","title":{"rendered":"Periodista Loribeth Vargas nominada al Premio Provincial de la Juventud 2025 en el rengl\u00f3n \u201cCreadora de Contenido\u201d"},"content":{"rendered":"<p style=\"text-align: justify;\">Barahona-. La periodista y creadora de contenido Loribeth Vargas ha sido nominada a los Premios Provinciales de la Juventud 2025 en la categor\u00eda de Creadora de Contenido, un reconocimiento a su destacada labor en la producci\u00f3n de contenido digital. Su trabajo, que abarca diversas plataformas, ha tenido un gran impacto tanto en su comunidad local de Barahona como a nivel nacional.<\/p>\n<p style=\"text-align: justify;\">Con una carrera multifac\u00e9tica, Loribeth Vargas ha brillado en espacios como la emisora La Kalle, as\u00ed como en su participaci\u00f3n en \u00d3ptica de Mujer \u201c\u00danica TV New York\u201d y \u201cAl Cuadrado Radio Show\u201d donde ha compartido su voz y perspectiva \u00fanica sobre temas que van desde el empoderamiento femenino hasta asuntos sociales de gran relevancia para los j\u00f3venes.<\/p>\n<p style=\"text-align: justify;\">Adem\u00e1s, su habilidad como maestra de ceremonias la ha llevado a ser un referente en eventos de gran magnitud, consolid\u00e1ndose como una figura clave dentro del mundo de los medios de comunicaci\u00f3n en su provincia Barahona.<\/p>\n<p style=\"text-align: justify;\">El Premio Provincial de la Juventud, en su 5ta edici\u00f3n, destacan el trabajo de j\u00f3venes que est\u00e1n dejando una huella en \u00e1reas como el arte, la ciencia, los deportes y la comunicaci\u00f3n. La nominaci\u00f3n de Vargas en el rengl\u00f3n de Creadora de Contenido resalta su creatividad, dedicaci\u00f3n y el impacto positivo que ha logrado a trav\u00e9s de sus proyectos digitales y su participaci\u00f3n en el \u00e1mbito de los medios digitales.<\/p>\n<blockquote>\n<p style=\"text-align: justify;\">\u201cEs un honor y una motivaci\u00f3n enorme recibir esta nominaci\u00f3n. Lo veo como un reconocimiento no solo a mi trabajo, sino a todos los que me apoyan y me impulsan a seguir adelante. Este premio es para todos aquellos que creen en el poder de la comunicaci\u00f3n\u201d, expres\u00f3 Loribeth Vargas, quien sigue creciendo como creadora y l\u00edder de opini\u00f3n en su comunidad.<\/p>\n<\/blockquote>\n<p style=\"text-align: justify;\">La ceremonia de entrega de los Premios Provinciales de la Juventud 2025 se llevar\u00e1 a cabo el viernes 7 de marzo a las 6:00 p.m. en el Auditorio UASD Recinto Barahona, y se espera que sea un espacio para reconocer el talento y la creatividad de los j\u00f3venes de la provincia.<\/p>\n<p>Fuente: CRNews<\/p>\n","protected":false},"excerpt":{"rendered":"<p>Barahona-. La periodista y creadora de contenido Loribeth Vargas ha sido nominada a los Premios<\/p>\n","protected":false},"author":1,"featured_media":39930,"comment_status":"open","ping_status":"open","sticky":false,"template":"","format":"standard","meta":{"footnotes":""},"categories":[7],"tags":[],"class_list":["post-39928","post","type-post","status-publish","format-standard","has-post-thumbnail","hentry","category-nacionales"],"_links":{"self":[{"href":"https:\/\/defrentealaverdad.com\/index.php\/wp-json\/wp\/v2\/posts\/39928","targetHints":{"allow":["GET"]}}],"collection":[{"href":"https:\/\/defrentealaverdad.com\/index.php\/wp-json\/wp\/v2\/posts"}],"about":[{"href":"https:\/\/defrentealaverdad.com\/index.php\/wp-json\/wp\/v2\/types\/post"}],"author":[{"embeddable":true,"href":"https:\/\/defrentealaverdad.com\/index.php\/wp-json\/wp\/v2\/users\/1"}],"replies":[{"embeddable":true,"href":"https:\/\/defrentealaverdad.com\/index.php\/wp-json\/wp\/v2\/comments?post=39928"}],"version-history":[{"count":1,"href":"https:\/\/defrentealaverdad.com\/index.php\/wp-json\/wp\/v2\/posts\/39928\/revisions"}],"predecessor-version":[{"id":39929,"href":"https:\/\/defrentealaverdad.com\/index.php\/wp-json\/wp\/v2\/posts\/39928\/revisions\/39929"}],"wp:featuredmedia":[{"embeddable":true,"href":"https:\/\/defrentealaverdad.com\/index.php\/wp-json\/wp\/v2\/media\/39930"}],"wp:attachment":[{"href":"https:\/\/defrentealaverdad.com\/index.php\/wp-json\/wp\/v2\/media?parent=39928"}],"wp:term":[{"taxonomy":"category","embeddable":true,"href":"https:\/\/defrentealaverdad.com\/index.php\/wp-json\/wp\/v2\/categories?post=39928"},{"taxonomy":"post_tag","embeddable":true,"href":"https:\/\/defrentealaverdad.com\/index.php\/wp-json\/wp\/v2\/tags?post=39928"}],"curies":[{"name":"wp","href":"https:\/\/api.w.org\/{rel}","templated":true}]}}