{"id":39925,"date":"2025-02-20T22:18:39","date_gmt":"2025-02-20T22:18:39","guid":{"rendered":"https:\/\/defrentealaverdad.com\/?p=39925"},"modified":"2025-02-20T22:18:39","modified_gmt":"2025-02-20T22:18:39","slug":"republica-dominicana-avanza-y-se-destaca-con-multiples-candidaturas-en-la-lista-de-20-de-la-xii-edicion-de-los-premios-platino","status":"publish","type":"post","link":"https:\/\/defrentealaverdad.com\/index.php\/2025\/02\/20\/republica-dominicana-avanza-y-se-destaca-con-multiples-candidaturas-en-la-lista-de-20-de-la-xii-edicion-de-los-premios-platino\/","title":{"rendered":"Rep\u00fablica Dominicana avanza y se destaca con m\u00faltiples candidaturas en la lista de 20 de la XII Edici\u00f3n de los Premios PLATINO"},"content":{"rendered":"<p style=\"text-align: justify;\">Con un total de 6 candidaturas, la serie La Familia Espejo se posiciona como la producci\u00f3n dominicana con m\u00e1s opciones en la lista de 20 candidaturas por categor\u00eda en la XII Edici\u00f3n de los Premios PLATINO. Seguida por la pel\u00edcula Aire, Just Breathe (Leticia Tonos), que suma 4 nominaciones.<\/p>\n<p style=\"text-align: justify;\">Un total de 176 obras audiovisuales han sido seleccionadas para la competencia, y se disputar\u00e1n el paso a la fase final en las distintas categor\u00edas de los premios, que se entregar\u00e1n el pr\u00f3ximo 27 de abril de 2025 en el Palacio Municipal IFEMA de Madrid, Espa\u00f1a.<\/p>\n<p style=\"text-align: justify;\"><strong>Candidaturas Dominicanas en la XII Edici\u00f3n de los Premios PLATINO<\/strong><\/p>\n<p style=\"text-align: justify;\">Rep\u00fablica Dominicana cuenta con destacadas propuestas en la competencia por los codiciados galardones. En la categor\u00eda a Mejor Pel\u00edcula Iberoamericana de Ficci\u00f3n, la producci\u00f3n Insular (H\u00e9ctor Valdez) representar\u00e1 al pa\u00eds, mientras que La Familia Espejo (Iv\u00e1n Ruiz, Laura Guzm\u00e1n de Ruiz) competir\u00e1 por el premio a Mejor Miniserie o Teleserie Cinematogr\u00e1fica.<\/p>\n<p style=\"text-align: justify;\">En el \u00e1mbito de la actuaci\u00f3n, Alexis D\u00edaz de Villegas (por Insular) opta a Mejor Interpretaci\u00f3n Masculina, y los actores dominicanos Paloma Palacios Colon (Insular) y Pepe Sierra (La Familia Espejo) se destacan en las categor\u00edas de Mejor Interpretaci\u00f3n Femenina de Reparto y Mejor Interpretaci\u00f3n Masculina de Reparto, respectivamente.<\/p>\n<p style=\"text-align: justify;\">Asimismo, en la categor\u00eda de Mejor Interpretaci\u00f3n Masculina en Miniserie o Teleserie se encuentra Jhonnie Mercedes (La Familia Espejo), mientras que Clara Luz Lozano (La Familia Espejo) es candidata a Mejor Interpretaci\u00f3n Femenina en Miniserie o Teleserie. Akhuarella Mercedes e Isaac Mercedes (ambos de La Familia Espejo) tambi\u00e9n est\u00e1n en la competencia por las candidaturas a Mejor Interpretaci\u00f3n Femenina y Mejor Interpretaci\u00f3n Masculina de Reparto en Miniserie o Teleserie.<\/p>\n<p style=\"text-align: justify;\">Adem\u00e1s, los creadores Iv\u00e1n Ruiz y Laura Guzm\u00e1n de Ruiz, responsables de La Familia Espejo, luchan por el reconocimiento en la categor\u00eda de Mejor Creador de Serie. En el campo de la m\u00fasica y el guion, Juan Luis Guerra (Capit\u00e1n Avispa) y Humberto Tav\u00e1rez (P\u00e9rez Rodr\u00edguez) tambi\u00e9n figuran como aspirantes a los premios en sus respectivas categor\u00edas de Mejor M\u00fasica Original y Mejor Guion.<\/p>\n<p style=\"text-align: justify;\"><strong>El Rol de FIPCA en la Preselecci\u00f3n y Depuraci\u00f3n de Candidaturas<\/strong><\/p>\n<p style=\"text-align: justify;\">La labor de la FIPCA (Federaci\u00f3n Iberoamericana de Productores Cinematogr\u00e1ficos y Audiovisuales) ha sido esencial en el proceso de selecci\u00f3n y depuraci\u00f3n de las producciones que aspiran a los Premios PLATINO. En particular, Hans Garc\u00eda, representante de FIPCA en Rep\u00fablica Dominicana, ha jugado un papel clave en la revisi\u00f3n y env\u00edo de las obras dominicanas para la preselecci\u00f3n de estos renombrados premios. Garc\u00eda destac\u00f3 la gran oportunidad que representa para el pa\u00eds participar en este prestigioso evento. \u201cLos Premios PLATINO son una plataforma invaluable para mostrar nuestras producciones audiovisuales y cinematogr\u00e1ficas. Es una competencia muy re\u00f1ida, con obras de toda Iberoam\u00e9rica, Espa\u00f1a y Portugal luchando por un lugar en la lista final. Sin embargo, el hecho de que nuestras producciones est\u00e9n avanzando en la selecci\u00f3n, nos coloca en el radar de muchos en la regi\u00f3n\u201d, subray\u00f3 el director y productor dominicano.<\/p>\n<p style=\"text-align: justify;\"><strong>Otras Producciones Dominicanas en Competencia<\/strong><\/p>\n<p style=\"text-align: justify;\">En otras categor\u00edas, Capit\u00e1n Avispa (Jean Gabriel Guerra, Jonnathan Melendez) competir\u00e1 por Mejor Pel\u00edcula de Animaci\u00f3n, y La Familia (Yasser Michel\u00e9n) por Mejor Comedia Iberoamericana de Ficci\u00f3n. P\u00e9rez Rodr\u00edguez (Humberto Tav\u00e1rez) luchar\u00e1 por el premio a Mejor \u00d3pera Prima de Ficci\u00f3n, y El Fot\u00f3grafo de la 40 (Erika Santelices, Orlando Barr\u00eda) aspira al galard\u00f3n de Cine y Educaci\u00f3n en Valores.<\/p>\n<p style=\"text-align: justify;\">En las categor\u00edas t\u00e9cnicas, los dominicanos Crist\u00f3bal Valecillos (Aire, Just Breathe) y Luis Enrique Carri\u00f3n (Aire, Just Breathe) se postulan para Mejor Direcci\u00f3n de Arte y Mejor Direcci\u00f3n de Fotograf\u00eda, mientras que Fede Fajaro (Aire, Just Breathe) aspira a Mejor Direcci\u00f3n de Sonido y Gina Giudicelli (Aire, Just Breathe) a Mejor Direcci\u00f3n de Montaje.<\/p>\n<p style=\"text-align: justify;\">Con estas destacadas candidaturas, Rep\u00fablica Dominicana contin\u00faa demostrando su pujante talento en el \u00e1mbito cinematogr\u00e1fico y audiovisual internacional, buscando dejar huella en los Premios PLATINO 2025.<\/p>\n<p>Fuente: Premios PLATINO 2025<\/p>\n","protected":false},"excerpt":{"rendered":"<p>Con un total de 6 candidaturas, la serie La Familia Espejo se posiciona como la<\/p>\n","protected":false},"author":4,"featured_media":39926,"comment_status":"open","ping_status":"open","sticky":false,"template":"","format":"standard","meta":{"footnotes":""},"categories":[248],"tags":[],"class_list":["post-39925","post","type-post","status-publish","format-standard","has-post-thumbnail","hentry","category-cine"],"_links":{"self":[{"href":"https:\/\/defrentealaverdad.com\/index.php\/wp-json\/wp\/v2\/posts\/39925","targetHints":{"allow":["GET"]}}],"collection":[{"href":"https:\/\/defrentealaverdad.com\/index.php\/wp-json\/wp\/v2\/posts"}],"about":[{"href":"https:\/\/defrentealaverdad.com\/index.php\/wp-json\/wp\/v2\/types\/post"}],"author":[{"embeddable":true,"href":"https:\/\/defrentealaverdad.com\/index.php\/wp-json\/wp\/v2\/users\/4"}],"replies":[{"embeddable":true,"href":"https:\/\/defrentealaverdad.com\/index.php\/wp-json\/wp\/v2\/comments?post=39925"}],"version-history":[{"count":1,"href":"https:\/\/defrentealaverdad.com\/index.php\/wp-json\/wp\/v2\/posts\/39925\/revisions"}],"predecessor-version":[{"id":39927,"href":"https:\/\/defrentealaverdad.com\/index.php\/wp-json\/wp\/v2\/posts\/39925\/revisions\/39927"}],"wp:featuredmedia":[{"embeddable":true,"href":"https:\/\/defrentealaverdad.com\/index.php\/wp-json\/wp\/v2\/media\/39926"}],"wp:attachment":[{"href":"https:\/\/defrentealaverdad.com\/index.php\/wp-json\/wp\/v2\/media?parent=39925"}],"wp:term":[{"taxonomy":"category","embeddable":true,"href":"https:\/\/defrentealaverdad.com\/index.php\/wp-json\/wp\/v2\/categories?post=39925"},{"taxonomy":"post_tag","embeddable":true,"href":"https:\/\/defrentealaverdad.com\/index.php\/wp-json\/wp\/v2\/tags?post=39925"}],"curies":[{"name":"wp","href":"https:\/\/api.w.org\/{rel}","templated":true}]}}