{"id":39917,"date":"2025-02-20T22:11:25","date_gmt":"2025-02-20T22:11:25","guid":{"rendered":"https:\/\/defrentealaverdad.com\/?p=39917"},"modified":"2025-02-20T22:12:04","modified_gmt":"2025-02-20T22:12:04","slug":"jorge-asjana-el-mas-votado-como-profesor-meritisimo-en-la-facultad-de-ciencias-de-la-salud-de-la-uasd","status":"publish","type":"post","link":"https:\/\/defrentealaverdad.com\/index.php\/2025\/02\/20\/jorge-asjana-el-mas-votado-como-profesor-meritisimo-en-la-facultad-de-ciencias-de-la-salud-de-la-uasd\/","title":{"rendered":"Jorge Asjana el m\u00e1s votado como Profesor Merit\u00edsimo en la Facultad de Ciencias de la Salud de la UASD\u00a0"},"content":{"rendered":"<p style=\"text-align: justify;\">El profesor Jorge Asjana, de la Escuela de Ciencias Morfol\u00f3gicas de la Facultad de Ciencias de la Salud (FCS) de la Universidad Aut\u00f3noma de Santo Domingo (UASD), fue el m\u00e1s votado para el t\u00edtulo de Profesor Merit\u00edsimo, tras obtener 513 votos, en un proceso que destaca su trayectoria y aportes a la academia.<\/p>\n<p style=\"text-align: justify;\">Las votaciones se realizaron el pasado mi\u00e9rcoles 19 de febrero 2025 en dicha facultad de la sede central de la UASD. Este reconocimiento resalta la dedicaci\u00f3n, experiencia y el compromiso de Asjana con la formaci\u00f3n de profesionales en el \u00e1rea de las ciencias de la salud, consolid\u00e1ndose como una figura clave en el desarrollo acad\u00e9mico de la UASD<\/p>\n<p style=\"text-align: justify;\">El respaldo obtenido refleja la valoraci\u00f3n de la comunidad universitaria hacia su labor, reconociendo su esfuerzo y contribuci\u00f3n al fortalecimiento de la educaci\u00f3n superior en el pa\u00eds.<\/p>\n<p style=\"text-align: justify;\">El polit\u00f3logo Milciades Guevara De La Paz (MILGUEDEP) expres\u00f3 que este triunfo masivo del doctor Asjana refleja la alta valoraci\u00f3n del destacado m\u00e9dico entre sus colegas y docentes.<\/p>\n<blockquote>\n<p style=\"text-align: justify;\">\u201cAsjana tiene una alta valoraci\u00f3n dentro de sus colegas m\u00e9dicos, as\u00ed como sus colegas docentes y este triunfo como profesor merit\u00edsimo es un reconocimiento a su trayectoria\u201d, destac\u00f3 MILGUEDEP..<\/p>\n<\/blockquote>\n<p>Fuente: MILGUEDEP<\/p>\n","protected":false},"excerpt":{"rendered":"<p>El profesor Jorge Asjana, de la Escuela de Ciencias Morfol\u00f3gicas de la Facultad de Ciencias<\/p>\n","protected":false},"author":1,"featured_media":39920,"comment_status":"open","ping_status":"open","sticky":false,"template":"","format":"standard","meta":{"footnotes":""},"categories":[7],"tags":[],"class_list":["post-39917","post","type-post","status-publish","format-standard","has-post-thumbnail","hentry","category-nacionales"],"_links":{"self":[{"href":"https:\/\/defrentealaverdad.com\/index.php\/wp-json\/wp\/v2\/posts\/39917","targetHints":{"allow":["GET"]}}],"collection":[{"href":"https:\/\/defrentealaverdad.com\/index.php\/wp-json\/wp\/v2\/posts"}],"about":[{"href":"https:\/\/defrentealaverdad.com\/index.php\/wp-json\/wp\/v2\/types\/post"}],"author":[{"embeddable":true,"href":"https:\/\/defrentealaverdad.com\/index.php\/wp-json\/wp\/v2\/users\/1"}],"replies":[{"embeddable":true,"href":"https:\/\/defrentealaverdad.com\/index.php\/wp-json\/wp\/v2\/comments?post=39917"}],"version-history":[{"count":1,"href":"https:\/\/defrentealaverdad.com\/index.php\/wp-json\/wp\/v2\/posts\/39917\/revisions"}],"predecessor-version":[{"id":39918,"href":"https:\/\/defrentealaverdad.com\/index.php\/wp-json\/wp\/v2\/posts\/39917\/revisions\/39918"}],"wp:featuredmedia":[{"embeddable":true,"href":"https:\/\/defrentealaverdad.com\/index.php\/wp-json\/wp\/v2\/media\/39920"}],"wp:attachment":[{"href":"https:\/\/defrentealaverdad.com\/index.php\/wp-json\/wp\/v2\/media?parent=39917"}],"wp:term":[{"taxonomy":"category","embeddable":true,"href":"https:\/\/defrentealaverdad.com\/index.php\/wp-json\/wp\/v2\/categories?post=39917"},{"taxonomy":"post_tag","embeddable":true,"href":"https:\/\/defrentealaverdad.com\/index.php\/wp-json\/wp\/v2\/tags?post=39917"}],"curies":[{"name":"wp","href":"https:\/\/api.w.org\/{rel}","templated":true}]}}