{"id":39913,"date":"2025-02-20T22:10:03","date_gmt":"2025-02-20T22:10:03","guid":{"rendered":"https:\/\/defrentealaverdad.com\/?p=39913"},"modified":"2025-02-20T22:10:03","modified_gmt":"2025-02-20T22:10:03","slug":"empresario-miguel-alburquerque-fortalece-los-lazos-comunitarios-con-gestos-solidarios","status":"publish","type":"post","link":"https:\/\/defrentealaverdad.com\/index.php\/2025\/02\/20\/empresario-miguel-alburquerque-fortalece-los-lazos-comunitarios-con-gestos-solidarios\/","title":{"rendered":"Empresario Miguel Alburquerque fortalece los lazos comunitarios con gestos solidarios"},"content":{"rendered":"<p style=\"text-align: justify;\"><strong>Santo Domingo, RD.-<\/strong> El empresario Miguel Alburquerque, CEO de M.A Creaciones Acr\u00edlicas, reafirm\u00f3 su compromiso con la comunidad al realizar un significativo aporte el pasado 14 de febrero, en el marco de la celebraci\u00f3n del D\u00eda del Amor y la Amistad. Como parte de su iniciativa de responsabilidad social, Alburquerque obsequi\u00f3 a conductores y peatones art\u00edculos promocionales en acr\u00edlico con mensajes especiales, recordando la importancia de la solidaridad, la uni\u00f3n y el compa\u00f1erismo en la sociedad.<\/p>\n<p style=\"text-align: justify;\">La entrega de estos art\u00edculos tuvo lugar Santo Domingo, Distrito Nacional, donde el empresario comparti\u00f3 con ciudadanos y destac\u00f3 la relevancia de fortalecer los valores de amistad y colaboraci\u00f3n en la comunidad.<\/p>\n<blockquote>\n<p style=\"text-align: justify;\">\u00abEl amor y la amistad no solo deben celebrarse en el \u00e1mbito personal, sino tambi\u00e9n en nuestras acciones diarias. Peque\u00f1os gestos pueden generar un gran impacto y motivar a otros a contribuir al bienestar de nuestra comunidad\u00bb, expres\u00f3 Alburquerque.<\/p>\n<\/blockquote>\n<p style=\"text-align: justify;\">Cabe destacar, que M.A. Creaciones Acr\u00edlicas, empresa l\u00edder en el mercado de acr\u00edlico en la Rep\u00fablica Dominicana, Miguel Alburquerque ha impulsado m\u00faltiples iniciativas de impacto social, demostrando que el \u00e9xito empresarial puede ir de la mano con la responsabilidad social. Su constante labor filantr\u00f3pica ha contribuido al desarrollo de diversas actividades sin fines de lucro, consolidando su compromiso con el progreso de Santo Domingo y sus ciudadanos.<\/p>\n<p style=\"text-align: justify;\">Con esta y otras acciones, M.A. Creaciones Acr\u00edlicas contin\u00faa marcando la diferencia en el sector, no solo por la calidad e innovaci\u00f3n de sus productos, sino tambi\u00e9n por su enfoque en el bienestar de la sociedad.<\/p>\n<p>&nbsp;<\/p>\n<p>Fuente: Coralia Lebr\u00f3n<\/p>\n","protected":false},"excerpt":{"rendered":"<p>Santo Domingo, RD.- El empresario Miguel Alburquerque, CEO de M.A Creaciones Acr\u00edlicas, reafirm\u00f3 su compromiso<\/p>\n","protected":false},"author":1,"featured_media":39914,"comment_status":"open","ping_status":"open","sticky":false,"template":"","format":"standard","meta":{"footnotes":""},"categories":[7],"tags":[],"class_list":["post-39913","post","type-post","status-publish","format-standard","has-post-thumbnail","hentry","category-nacionales"],"_links":{"self":[{"href":"https:\/\/defrentealaverdad.com\/index.php\/wp-json\/wp\/v2\/posts\/39913","targetHints":{"allow":["GET"]}}],"collection":[{"href":"https:\/\/defrentealaverdad.com\/index.php\/wp-json\/wp\/v2\/posts"}],"about":[{"href":"https:\/\/defrentealaverdad.com\/index.php\/wp-json\/wp\/v2\/types\/post"}],"author":[{"embeddable":true,"href":"https:\/\/defrentealaverdad.com\/index.php\/wp-json\/wp\/v2\/users\/1"}],"replies":[{"embeddable":true,"href":"https:\/\/defrentealaverdad.com\/index.php\/wp-json\/wp\/v2\/comments?post=39913"}],"version-history":[{"count":1,"href":"https:\/\/defrentealaverdad.com\/index.php\/wp-json\/wp\/v2\/posts\/39913\/revisions"}],"predecessor-version":[{"id":39915,"href":"https:\/\/defrentealaverdad.com\/index.php\/wp-json\/wp\/v2\/posts\/39913\/revisions\/39915"}],"wp:featuredmedia":[{"embeddable":true,"href":"https:\/\/defrentealaverdad.com\/index.php\/wp-json\/wp\/v2\/media\/39914"}],"wp:attachment":[{"href":"https:\/\/defrentealaverdad.com\/index.php\/wp-json\/wp\/v2\/media?parent=39913"}],"wp:term":[{"taxonomy":"category","embeddable":true,"href":"https:\/\/defrentealaverdad.com\/index.php\/wp-json\/wp\/v2\/categories?post=39913"},{"taxonomy":"post_tag","embeddable":true,"href":"https:\/\/defrentealaverdad.com\/index.php\/wp-json\/wp\/v2\/tags?post=39913"}],"curies":[{"name":"wp","href":"https:\/\/api.w.org\/{rel}","templated":true}]}}