{"id":3989,"date":"2023-03-24T19:34:22","date_gmt":"2023-03-24T19:34:22","guid":{"rendered":"https:\/\/defrentealaverdad.com\/?p=3989"},"modified":"2023-03-27T19:36:42","modified_gmt":"2023-03-27T19:36:42","slug":"audiencia-nuevo-sencillo-de-jc-negron-dedicado-al-uno-que-rinde-su-corazon","status":"publish","type":"post","link":"https:\/\/defrentealaverdad.com\/index.php\/2023\/03\/24\/audiencia-nuevo-sencillo-de-jc-negron-dedicado-al-uno-que-rinde-su-corazon\/","title":{"rendered":"\u201cAUDIENCIA\u201d NUEVO SENCILLO DE JC NEGR\u00d3N DEDICADO  AL UNO QUE RINDE SU CORAZ\u00d3N."},"content":{"rendered":"<p style=\"text-align: justify;\"><img decoding=\"async\" data-src=\"https:\/\/ci3.googleusercontent.com\/proxy\/9MDxnjoZhhvBZiqQojxZprPNyrNxsPtXVLxPVE2liftjFdiRsg7xzMdBmzsqlbo1sJT_tR7P1hAnMk450DWc-zIGH5zRlcLOIwT7m7E8etV8BHoXzUrn6YmvTsy4BH1ZkU6TmdlYSJ5p=s0-d-e1-ft#https:\/\/files.constantcontact.com\/3877b452901\/efa9ad9a-f8a4-4988-8f44-faf97f30cb15.jpg\" src=\"data:image\/svg+xml;base64,PHN2ZyB3aWR0aD0iMSIgaGVpZ2h0PSIxIiB4bWxucz0iaHR0cDovL3d3dy53My5vcmcvMjAwMC9zdmciPjwvc3ZnPg==\" class=\"lazyload\" \/><\/p>\n<p style=\"text-align: justify;\">\n<p style=\"text-align: justify;\">New York. USA \u2013 AUDIENCIA es una canci\u00f3n de que sale de un coraz\u00f3n que solo anhela de manera intencional dedicar su talento, su voz y su vida a uno que es JES\u00daS.<\/p>\n<p style=\"text-align: justify;\">Regresar al escenario de la vida sabiendo que todo lo que fluye del coraz\u00f3n se rinde a uno y que es el motivo por el que salta su coraz\u00f3n es el canto de JC Negr\u00f3n, quien regresa a la m\u00fasica con una nueva perspectiva de su audiencia.<\/p>\n<p style=\"text-align: justify;\">\u201cEl coraz\u00f3n de esta canci\u00f3n y su inspiraci\u00f3n nacen en una visi\u00f3n que tuve, me vi a m\u00ed mismo cantar en un gran teatro vac\u00edo y solo con un espectador, todo lo que all\u00ed hice fue dedicado a ese uno que me escuchaba y \u00e9l era Jes\u00fas.<\/p>\n<p style=\"text-align: justify;\">A la audiencia de uno, rindo mi coraz\u00f3n, eres t\u00fa el motivo de la canci\u00f3n que salta de mi interior.\u201d Declara JC Negr\u00f3n.<\/p>\n<p style=\"text-align: justify;\">Con letra y m\u00fasica de su autor\u00eda, AUDIENCIA desea conducirnos a ese lugar de exposici\u00f3n en el que lo que somos y hacemos se rinde en la presencia de uno y es all\u00ed donde se sit\u00faa nuestra audiencia m\u00e1s amplia. Este sencillo es el primero del EP que el artista prepara para este a\u00f1o 2023, despu\u00e9s de una trayectoria de canciones que conmovieron a cientos de personas y los llevaron a una atmosfera de entrega y adoraci\u00f3n. AUDIENCIA est\u00e1 disponible desde este 24 de marzo 2023 en todas las plataformas digitales.<\/p>\n<p style=\"text-align: justify;\"><strong>Sobre JC NEGR\u00d3N<\/strong><\/p>\n<p style=\"text-align: justify;\">Juan Carlos Negr\u00f3n, mejor conocido en el \u00e1mbito art\u00edstico como JC Negr\u00f3n, es un joven cantante-autor que anhela impactar al mundo con canciones dedicadas a Cristo Jes\u00fas. A la edad de 8 a\u00f1os, JC comenz\u00f3 a descubrir un amor por la m\u00fasica, el c\u00e1ntico y la adoraci\u00f3n.<\/p>\n<p style=\"text-align: justify;\">Desde entonces, JC ha hecho varios proyectos musicales, entre los cuales est\u00e1n \u00ab\u00c9l me salvo\u00bb y \u00abMajestad. JC Negr\u00f3n nacido y criado en los Estados Unidos, proviene de un hogar cristiano, pero debido a situaciones familiares se aparta por un tiempo del evangelio y experimenta su propio encuentro con Dios, esto lo hizo m\u00e1s fuerte y maduro para afrontar retos y desaf\u00edos que en su adultez pusieron al borde su fe. Es en esos tiempos de procesos y situaciones que logra componer canciones que hablan de un coraz\u00f3n que visito la intimidad de Dios como nunca.<\/p>\n<p style=\"text-align: justify;\">\n<p style=\"text-align: justify;\">Fuente: Admirable Agency Group<\/p>\n","protected":false},"excerpt":{"rendered":"<p>New York. USA \u2013 AUDIENCIA es una canci\u00f3n de que sale de un coraz\u00f3n que<\/p>\n","protected":false},"author":1,"featured_media":0,"comment_status":"open","ping_status":"open","sticky":false,"template":"","format":"standard","meta":{"footnotes":""},"categories":[16],"tags":[],"class_list":["post-3989","post","type-post","status-publish","format-standard","hentry","category-internacionales"],"_links":{"self":[{"href":"https:\/\/defrentealaverdad.com\/index.php\/wp-json\/wp\/v2\/posts\/3989","targetHints":{"allow":["GET"]}}],"collection":[{"href":"https:\/\/defrentealaverdad.com\/index.php\/wp-json\/wp\/v2\/posts"}],"about":[{"href":"https:\/\/defrentealaverdad.com\/index.php\/wp-json\/wp\/v2\/types\/post"}],"author":[{"embeddable":true,"href":"https:\/\/defrentealaverdad.com\/index.php\/wp-json\/wp\/v2\/users\/1"}],"replies":[{"embeddable":true,"href":"https:\/\/defrentealaverdad.com\/index.php\/wp-json\/wp\/v2\/comments?post=3989"}],"version-history":[{"count":2,"href":"https:\/\/defrentealaverdad.com\/index.php\/wp-json\/wp\/v2\/posts\/3989\/revisions"}],"predecessor-version":[{"id":3991,"href":"https:\/\/defrentealaverdad.com\/index.php\/wp-json\/wp\/v2\/posts\/3989\/revisions\/3991"}],"wp:attachment":[{"href":"https:\/\/defrentealaverdad.com\/index.php\/wp-json\/wp\/v2\/media?parent=3989"}],"wp:term":[{"taxonomy":"category","embeddable":true,"href":"https:\/\/defrentealaverdad.com\/index.php\/wp-json\/wp\/v2\/categories?post=3989"},{"taxonomy":"post_tag","embeddable":true,"href":"https:\/\/defrentealaverdad.com\/index.php\/wp-json\/wp\/v2\/tags?post=3989"}],"curies":[{"name":"wp","href":"https:\/\/api.w.org\/{rel}","templated":true}]}}