{"id":3984,"date":"2023-03-22T18:59:52","date_gmt":"2023-03-22T18:59:52","guid":{"rendered":"https:\/\/defrentealaverdad.com\/?p=3984"},"modified":"2023-03-22T18:59:52","modified_gmt":"2023-03-22T18:59:52","slug":"pastora-dominicana-es-reconocida-como-lider-femenina-en-premios-a-la-excelencia-2023","status":"publish","type":"post","link":"https:\/\/defrentealaverdad.com\/index.php\/2023\/03\/22\/pastora-dominicana-es-reconocida-como-lider-femenina-en-premios-a-la-excelencia-2023\/","title":{"rendered":"Pastora Dominicana es reconocida como L\u00edder Femenina en Premios a la Excelencia 2023"},"content":{"rendered":"<p><img decoding=\"async\" class=\"alignnone size-medium wp-image-3985 alignleft lazyload\" data-src=\"https:\/\/defrentealaverdad.com\/wp-content\/uploads\/2023\/03\/IMG-20230321-WA00041-225x300.jpg\" alt=\"\" width=\"225\" height=\"300\" data-srcset=\"https:\/\/defrentealaverdad.com\/wp-content\/uploads\/2023\/03\/IMG-20230321-WA00041-225x300.jpg 225w, https:\/\/defrentealaverdad.com\/wp-content\/uploads\/2023\/03\/IMG-20230321-WA00041-766x1024.jpg 766w, https:\/\/defrentealaverdad.com\/wp-content\/uploads\/2023\/03\/IMG-20230321-WA00041-768x1026.jpg 768w, https:\/\/defrentealaverdad.com\/wp-content\/uploads\/2023\/03\/IMG-20230321-WA00041-450x600.jpg 450w, https:\/\/defrentealaverdad.com\/wp-content\/uploads\/2023\/03\/IMG-20230321-WA00041.jpg 958w\" data-sizes=\"(max-width: 225px) 100vw, 225px\" src=\"data:image\/svg+xml;base64,PHN2ZyB3aWR0aD0iMSIgaGVpZ2h0PSIxIiB4bWxucz0iaHR0cDovL3d3dy53My5vcmcvMjAwMC9zdmciPjwvc3ZnPg==\" style=\"--smush-placeholder-width: 225px; --smush-placeholder-aspect-ratio: 225\/300;\" \/><\/p>\n<p>La pastora, comunicadora, coach y l\u00edder femenina Kenia Montero fue reconocida por la Latam Coaching School como una \u00abl\u00edder femenina de impacto 2023\u00bb por sus importantes aportes al desarrollo y crecimiento de la mujer dominicana a trav\u00e9s de iniciativas sociales y educativas que buscan promover la equidad de g\u00e9nero y el liderazgo femenino a gran escala enfocada en vivir una vida con valores y principios en cada una de Sus facetas y roles.<\/p>\n<p>El reconocimiento destaca que Kenia Montero desde Rep\u00fablica Dominicana ha dedicado tiempo valioso a generar un impacto significativo en mujeres de su pa\u00eds a trav\u00e9s de alianzas estrat\u00e9gicas con organizaciones no gubernamentales, fundaciones que tienen como norte a la mujer como protagonista de su vida.<\/p>\n<p>Montero, quien es madre, esposa, formadora, pastora y destacada profesional (cuenta con una trayectoria de m\u00e1s de 15 a\u00f1os en el \u00e1rea comercial y ventas), agradeci\u00f3 el reconocimiento y dijo que esta deferencia le compromete a seguir trabajando y aportando al desarrollo de las mejores empoderadas a trav\u00e9s de la formaci\u00f3n y la capacitaci\u00f3n en valores y principios que tanto carece la familia y nuestra sociedad actual.<\/p>\n<p>Asimismo, hace menci\u00f3n del impacto que ha generado como l\u00edder de Mujeres Admirables (@mujeresadmirables_), una comunidad de liderazgo y empoderamiento femenino que hace posible que mujeres de todo el mundo escriban su propia historia.<br \/>\nLos organizadores del premio destacaron que Kenia es ejemplo a seguir porque con su influencia invita a otras f\u00e9minas a construir un mejor futuro desde aqu\u00ed y ahora, sin importar las carencias o limitaciones<\/p>\n<p>Fuente: Comunicaciones Mujeres Admirables<\/p>\n","protected":false},"excerpt":{"rendered":"<p>La pastora, comunicadora, coach y l\u00edder femenina Kenia Montero fue reconocida por la Latam Coaching<\/p>\n","protected":false},"author":1,"featured_media":0,"comment_status":"open","ping_status":"open","sticky":false,"template":"","format":"standard","meta":{"footnotes":""},"categories":[7],"tags":[],"class_list":["post-3984","post","type-post","status-publish","format-standard","hentry","category-nacionales"],"_links":{"self":[{"href":"https:\/\/defrentealaverdad.com\/index.php\/wp-json\/wp\/v2\/posts\/3984","targetHints":{"allow":["GET"]}}],"collection":[{"href":"https:\/\/defrentealaverdad.com\/index.php\/wp-json\/wp\/v2\/posts"}],"about":[{"href":"https:\/\/defrentealaverdad.com\/index.php\/wp-json\/wp\/v2\/types\/post"}],"author":[{"embeddable":true,"href":"https:\/\/defrentealaverdad.com\/index.php\/wp-json\/wp\/v2\/users\/1"}],"replies":[{"embeddable":true,"href":"https:\/\/defrentealaverdad.com\/index.php\/wp-json\/wp\/v2\/comments?post=3984"}],"version-history":[{"count":1,"href":"https:\/\/defrentealaverdad.com\/index.php\/wp-json\/wp\/v2\/posts\/3984\/revisions"}],"predecessor-version":[{"id":3986,"href":"https:\/\/defrentealaverdad.com\/index.php\/wp-json\/wp\/v2\/posts\/3984\/revisions\/3986"}],"wp:attachment":[{"href":"https:\/\/defrentealaverdad.com\/index.php\/wp-json\/wp\/v2\/media?parent=3984"}],"wp:term":[{"taxonomy":"category","embeddable":true,"href":"https:\/\/defrentealaverdad.com\/index.php\/wp-json\/wp\/v2\/categories?post=3984"},{"taxonomy":"post_tag","embeddable":true,"href":"https:\/\/defrentealaverdad.com\/index.php\/wp-json\/wp\/v2\/tags?post=3984"}],"curies":[{"name":"wp","href":"https:\/\/api.w.org\/{rel}","templated":true}]}}