{"id":3972,"date":"2023-03-19T14:02:34","date_gmt":"2023-03-19T14:02:34","guid":{"rendered":"https:\/\/defrentealaverdad.com\/?p=3972"},"modified":"2023-03-20T14:04:21","modified_gmt":"2023-03-20T14:04:21","slug":"homenaje-postumo-a-fenix-un-heroe-canino-sin-armadura-que-nos-dio-seguridad","status":"publish","type":"post","link":"https:\/\/defrentealaverdad.com\/index.php\/2023\/03\/19\/homenaje-postumo-a-fenix-un-heroe-canino-sin-armadura-que-nos-dio-seguridad\/","title":{"rendered":"\u00abHomenaje postumo a FENIX: Un h\u00e9roe canino sin armadura que nos dio seguridad\u00bb"},"content":{"rendered":"<p style=\"text-align: justify;\">Por Felix Rubio<\/p>\n<p style=\"text-align: justify;\"><img decoding=\"async\" data-src=\"https:\/\/blogger.googleusercontent.com\/img\/b\/R29vZ2xl\/AVvXsEhAKEyrhe6q_uIVcRoHZSG3IZqBqGR3vVOJdw9i8eSjS74app0E3_s315_Zek2WQRZwsoD-WIkoUf8pzGnr1pFrRcNVrXG_dSbqQvtfDYbpEuci6hcipZdeqDotvGLUBqtdXYLQ0TxgwJe-qDfqsfmpNEzgTbLE49Jhu2EPvKw97qJyCWLVuN7rGA0c\/w400-h304\/IMG-20230317-WA0172.jpg\" src=\"data:image\/svg+xml;base64,PHN2ZyB3aWR0aD0iMSIgaGVpZ2h0PSIxIiB4bWxucz0iaHR0cDovL3d3dy53My5vcmcvMjAwMC9zdmciPjwvc3ZnPg==\" class=\"lazyload\" \/><\/p>\n<p style=\"text-align: justify;\">Santo Domingo.- El Cuerpo Especializado en Seguridad Aeroportuaria y de la Aviaci\u00f3n Civil (CESAC) present\u00f3 hoy la ceremonia de honras y reconocimiento p\u00f3stumo al ejemplar canino (K-9) F\u00e9nix .<\/p>\n<p style=\"text-align: justify;\">El Canino, raza Pastor Alem\u00e1n y nacido en Colombia, ingres\u00f3 al CESAC, el 15 de junio del 2018. F\u00e9nix falleci\u00f3 el pasado 14 de marzo 2023, a causa de una pancreatitis hemorr\u00e1gica severa. En el acto, encabezado por el director general del CESAC, general de brigada piloto Floreal Su\u00e1rez Mart\u00ednez, FARD., se inform\u00f3 que este K-9 F\u00e9nix, se destac\u00f3 como un ejemplar canino en detecci\u00f3n de explosivos, por cinco a\u00f1os ininterrumpidos de servicio, en el Aeropuerto Internacional presidente Juan Bosch, Catey S\u00e1mana (MDCY).<\/p>\n<p style=\"text-align: justify;\">El director del CESAC dijo que en la instituci\u00f3n se valoran y se reconocen las labores eficientes y leales de todo el personal militar, civil\u00a0 y canina.<\/p>\n<p style=\"text-align: justify;\"><img decoding=\"async\" data-src=\"https:\/\/blogger.googleusercontent.com\/img\/b\/R29vZ2xl\/AVvXsEgBkhsb-XvE3CPFfHyEZrkl0ITnFBuhtUQYn_NcyfE17LcnX7x3lu3De9W41HzW4FzoH48GnP0UKfuc9bTdqh76ep1mS72UmB9fRz0dnCYt889_uCdzizbaNpbYOGbnje9g27H8jYXwcVyO37hIXiZWbmAyPB6d3kYcQ2BMMw7Y12IuicNYonpysWaY\/s320\/IMG-20230317-WA0174.jpg\" src=\"data:image\/svg+xml;base64,PHN2ZyB3aWR0aD0iMSIgaGVpZ2h0PSIxIiB4bWxucz0iaHR0cDovL3d3dy53My5vcmcvMjAwMC9zdmciPjwvc3ZnPg==\" class=\"lazyload\" \/><\/p>\n<p style=\"text-align: justify;\">\u00a0\u00abValoramos y honramos a nuestros hombres y mujeres ;en este caso particular, a nuestro querido canino F\u00e9nix, qui\u00e9n\u00a0 desempe\u00f1\u00f3 su labor con eficiencia, mientras estuvo con nosotros. Agradecemos a Dios por ponerlo en nuestro camino, al servicio de la seguridad aeroportuaria y de la aviaci\u00f3n civil\u00bb, expres\u00f3 el director Su\u00e1rez Mart\u00ednez. Adem\u00e1s del director general, estuvieron presentes otras autoridades de la instituci\u00f3n como el coronel Dionisio De la Rosa, subdirector general, coronel Piloto V\u00edctor Q. Santana Ram\u00edrez, FARD, (DEM)., Director de Operaciones del CESAC, el Mayor Andy Reyes Ram\u00edrez, FARD., sub director de la unidad canina y otros miembros de la plana mayor.<\/p>\n<p style=\"text-align: justify;\">Tambi\u00e9n hicieron acto de presencia: manejadores de la unidad canina y personal del CESAC.<\/p>\n<p>&nbsp;<\/p>\n<p>Fuente: Prensa CESAC<\/p>\n","protected":false},"excerpt":{"rendered":"<p>Por Felix Rubio Santo Domingo.- El Cuerpo Especializado en Seguridad Aeroportuaria y de la Aviaci\u00f3n<\/p>\n","protected":false},"author":1,"featured_media":0,"comment_status":"open","ping_status":"open","sticky":false,"template":"","format":"standard","meta":{"footnotes":""},"categories":[7],"tags":[],"class_list":["post-3972","post","type-post","status-publish","format-standard","hentry","category-nacionales"],"_links":{"self":[{"href":"https:\/\/defrentealaverdad.com\/index.php\/wp-json\/wp\/v2\/posts\/3972","targetHints":{"allow":["GET"]}}],"collection":[{"href":"https:\/\/defrentealaverdad.com\/index.php\/wp-json\/wp\/v2\/posts"}],"about":[{"href":"https:\/\/defrentealaverdad.com\/index.php\/wp-json\/wp\/v2\/types\/post"}],"author":[{"embeddable":true,"href":"https:\/\/defrentealaverdad.com\/index.php\/wp-json\/wp\/v2\/users\/1"}],"replies":[{"embeddable":true,"href":"https:\/\/defrentealaverdad.com\/index.php\/wp-json\/wp\/v2\/comments?post=3972"}],"version-history":[{"count":1,"href":"https:\/\/defrentealaverdad.com\/index.php\/wp-json\/wp\/v2\/posts\/3972\/revisions"}],"predecessor-version":[{"id":3973,"href":"https:\/\/defrentealaverdad.com\/index.php\/wp-json\/wp\/v2\/posts\/3972\/revisions\/3973"}],"wp:attachment":[{"href":"https:\/\/defrentealaverdad.com\/index.php\/wp-json\/wp\/v2\/media?parent=3972"}],"wp:term":[{"taxonomy":"category","embeddable":true,"href":"https:\/\/defrentealaverdad.com\/index.php\/wp-json\/wp\/v2\/categories?post=3972"},{"taxonomy":"post_tag","embeddable":true,"href":"https:\/\/defrentealaverdad.com\/index.php\/wp-json\/wp\/v2\/tags?post=3972"}],"curies":[{"name":"wp","href":"https:\/\/api.w.org\/{rel}","templated":true}]}}