{"id":39672,"date":"2025-02-17T01:31:49","date_gmt":"2025-02-17T01:31:49","guid":{"rendered":"https:\/\/defrentealaverdad.com\/?p=39672"},"modified":"2025-02-18T01:36:46","modified_gmt":"2025-02-18T01:36:46","slug":"edeeste-desmantela-600-conexiones-ilegales-y-capta-nuevos-clientes-en-el-seibo-y-spm","status":"publish","type":"post","link":"https:\/\/defrentealaverdad.com\/index.php\/2025\/02\/17\/edeeste-desmantela-600-conexiones-ilegales-y-capta-nuevos-clientes-en-el-seibo-y-spm\/","title":{"rendered":"EDEEste desmantela 600 conexiones ilegales y capta nuevos clientes en El Seibo y SPM"},"content":{"rendered":"<p style=\"text-align: justify;\">Por Felix Rubio<\/p>\n<p style=\"text-align: justify;\">Como parte de su compromiso con la reducci\u00f3n de p\u00e9rdidas de energ\u00eda y la mejora continua del servicio el\u00e9ctrico, la Empresa Distribuidora de Electricidad del Este (EDEEste) ha ejecutado una serie de operativos enfocados en la eliminaci\u00f3n de conexiones ilegales, la normalizaci\u00f3n de servicios y la incorporaci\u00f3n de nuevos clientes en distintas comunidades de su \u00e1rea de concesi\u00f3n.<\/p>\n<p style=\"text-align: justify;\">En esta ocasi\u00f3n, las intervenciones se llevaron a cabo en los sectores Villa Guerrero, del municipio Santa Cruz del Seibo, y en el sector INVI, en San Pedro de Macor\u00eds. En Villa Guerrero, espec\u00edficamente en las calles Fray Luis Oreguis, Los \u00c1ngeles, Peatonal 7 y Peatonal 8, pertenecientes al circuito SEIBO01, se lograron avances significativos, incluyendo el desmantelamiento de aproximadamente 350 conexiones ilegales, la normalizaci\u00f3n de 47 servicios a clientes existentes y la captaci\u00f3n de 56 nuevos clientes.<\/p>\n<p style=\"text-align: justify;\">Asimismo, en el sector INVI, San Pedro de Macor\u00eds, en la calle Julio Anglada, que forma parte del circuito ZFSP04, se captaron alrededor de 135 nuevos clientes, se desmantelaron unas 250 conexiones irregulares a la red el\u00e9ctrica y se sustituyeron redes vulnerables. Adem\u00e1s, se instalaron aproximadamente 700 metros de cable tr\u00edplex, mejorando as\u00ed la calidad y seguridad del servicio el\u00e9ctrico en la zona.<\/p>\n<p style=\"text-align: justify;\">Estas acciones no solo contribuyen a reducir las p\u00e9rdidas de energ\u00eda, sino que tambi\u00e9n garantizan una distribuci\u00f3n m\u00e1s eficiente y segura de la electricidad para los usuarios. EDEEste reafirma su compromiso con la sostenibilidad y el bienestar de la comunidad, por lo que continuar\u00e1 desarrollando operativos similares en otras \u00e1reas dentro de su \u00e1rea de concesi\u00f3n.<\/p>\n<p style=\"text-align: justify;\">La empresa exhorta a la ciudadan\u00eda a regularizar su servicio el\u00e9ctrico y a evitar conexiones ilegales, ya que estas afectan la estabilidad del sistema y ponen en riesgo la seguridad de las personas y sus propiedades. Asimismo, reitera su disposici\u00f3n de seguir trabajando para optimizar la distribuci\u00f3n de energ\u00eda y ofrecer un servicio m\u00e1s confiable a todos sus clientes.<\/p>\n<p>Fuente: Prensa EDEeste<\/p>\n","protected":false},"excerpt":{"rendered":"<p>Por Felix Rubio Como parte de su compromiso con la reducci\u00f3n de p\u00e9rdidas de energ\u00eda<\/p>\n","protected":false},"author":1,"featured_media":39673,"comment_status":"open","ping_status":"open","sticky":false,"template":"","format":"standard","meta":{"footnotes":""},"categories":[7],"tags":[],"class_list":["post-39672","post","type-post","status-publish","format-standard","has-post-thumbnail","hentry","category-nacionales"],"_links":{"self":[{"href":"https:\/\/defrentealaverdad.com\/index.php\/wp-json\/wp\/v2\/posts\/39672","targetHints":{"allow":["GET"]}}],"collection":[{"href":"https:\/\/defrentealaverdad.com\/index.php\/wp-json\/wp\/v2\/posts"}],"about":[{"href":"https:\/\/defrentealaverdad.com\/index.php\/wp-json\/wp\/v2\/types\/post"}],"author":[{"embeddable":true,"href":"https:\/\/defrentealaverdad.com\/index.php\/wp-json\/wp\/v2\/users\/1"}],"replies":[{"embeddable":true,"href":"https:\/\/defrentealaverdad.com\/index.php\/wp-json\/wp\/v2\/comments?post=39672"}],"version-history":[{"count":2,"href":"https:\/\/defrentealaverdad.com\/index.php\/wp-json\/wp\/v2\/posts\/39672\/revisions"}],"predecessor-version":[{"id":39679,"href":"https:\/\/defrentealaverdad.com\/index.php\/wp-json\/wp\/v2\/posts\/39672\/revisions\/39679"}],"wp:featuredmedia":[{"embeddable":true,"href":"https:\/\/defrentealaverdad.com\/index.php\/wp-json\/wp\/v2\/media\/39673"}],"wp:attachment":[{"href":"https:\/\/defrentealaverdad.com\/index.php\/wp-json\/wp\/v2\/media?parent=39672"}],"wp:term":[{"taxonomy":"category","embeddable":true,"href":"https:\/\/defrentealaverdad.com\/index.php\/wp-json\/wp\/v2\/categories?post=39672"},{"taxonomy":"post_tag","embeddable":true,"href":"https:\/\/defrentealaverdad.com\/index.php\/wp-json\/wp\/v2\/tags?post=39672"}],"curies":[{"name":"wp","href":"https:\/\/api.w.org\/{rel}","templated":true}]}}