{"id":39669,"date":"2025-02-17T00:43:02","date_gmt":"2025-02-17T00:43:02","guid":{"rendered":"https:\/\/defrentealaverdad.com\/?p=39669"},"modified":"2025-02-18T01:27:18","modified_gmt":"2025-02-18T01:27:18","slug":"mas-del-75-de-los-productos-decomisados-en-2025-en-rd-son-de-origen-aviar","status":"publish","type":"post","link":"https:\/\/defrentealaverdad.com\/index.php\/2025\/02\/17\/mas-del-75-de-los-productos-decomisados-en-2025-en-rd-son-de-origen-aviar\/","title":{"rendered":"M\u00e1s del 75% de los productos decomisados en 2025 en RD son de origen aviar"},"content":{"rendered":"<blockquote>\n<p style=\"text-align: justify;\">Las declaraciones fueron ofrecidas tras la colocaci\u00f3n de una ofrenda floral en el Altar de la Patria, en el marco de la celebraci\u00f3n del mes patrio, en el que se cumplen 181 aniversario de la Independencia Nacional.<\/p>\n<\/blockquote>\n<p style=\"text-align: justify;\">SANTO DOMINGO. En lo que va del 2025, m\u00e1s del 75 % de los productos decomisados en Rep\u00fablica Dominicana corresponden a productos aviares, principalmente provenientes de Estados Unidos y Puerto Rico, seg\u00fan inform\u00f3 la Direcci\u00f3n General de Ganader\u00eda (DIGEGA).<\/p>\n<p style=\"text-align: justify;\">Este incremento en las incautaciones responde a un reforzamiento de la vigilancia sanitaria y a medidas m\u00e1s estrictas de control para garantizar la seguridad alimentaria y la salud p\u00fablica en el pa\u00eds.<\/p>\n<p style=\"text-align: justify;\"><strong>Aumento en decomisos<\/strong><\/p>\n<p style=\"text-align: justify;\">El director de la Direcci\u00f3n General de Ganader\u00eda, Abel Madera, durante una rueda de prensa en el Altar de la Patria, explic\u00f3 que la cantidad de productos decomisados ha ido en aumento en los \u00faltimos a\u00f1os.<\/p>\n<blockquote>\n<p style=\"text-align: justify;\">\u00abEn 2023, cerramos con 18,570 libras de productos de origen animal incautados. En 2024, la cifra subi\u00f3 a 21,804 libras, y en lo que va del 2025 ya superamos las 12,000 libras, lo que refleja la efectividad de nuestras acciones\u00bb, se\u00f1al\u00f3.<\/p>\n<\/blockquote>\n<p><strong>Estrategias de control<\/strong><\/p>\n<p style=\"text-align: justify;\">Las autoridades atribuyen este incremento a las medidas implementadas en 2024 para fortalecer los controles en puertos y aeropuertos. Entre ellas destacan:<\/p>\n<p style=\"text-align: justify;\">\u25aa\ufe0e Capacitaci\u00f3n del personal en el manejo e interpretaci\u00f3n de im\u00e1genes de rayos X.<\/p>\n<p style=\"text-align: justify;\">\u25aa\ufe0e Implementaci\u00f3n del Proyecto de Binomios Caninos, que refuerza la inspecci\u00f3n en las principales terminales a\u00e9reas y mar\u00edtimas del pa\u00eds.<\/p>\n<p style=\"text-align: justify;\">Actualmente, las Unidades Caninas operan en cuatro aeropuertos nacionales, colaborando con el Ministerio de Agricultura en la detecci\u00f3n y prevenci\u00f3n de plagas y enfermedades. Esto ha posicionado a Rep\u00fablica Dominicana como uno de los pa\u00edses con m\u00e1s unidades caninas en la regi\u00f3n del OIRSA.<\/p>\n<p><strong>Principales puntos de decomiso<\/strong><\/p>\n<p style=\"text-align: justify;\">Los productos decomisados se concentran en los aeropuertos de Punta Cana y Las Am\u00e9ricas, que manejan el mayor volumen de incautaciones. Les siguen los aeropuertos Cibao, La Romana y Gregorio Luper\u00f3n, mientras que El Hig\u00fcero ha visto una disminuci\u00f3n en los decomisos debido a la prohibici\u00f3n de vuelos desde Hait\u00ed.<\/p>\n<p style=\"text-align: justify;\">En menor medida, tambi\u00e9n se han registrado incautaciones en el Aeropuerto Internacional El Catey<\/p>\n<p style=\"text-align: justify;\">Con estas acciones, la Direcci\u00f3n General de Ganader\u00eda reafirma su compromiso con la protecci\u00f3n de la sanidad animal y la seguridad alimentaria en el pa\u00eds.<\/p>\n<p style=\"text-align: justify;\">Fuente: DIGEGA<\/p>\n","protected":false},"excerpt":{"rendered":"<p>Las declaraciones fueron ofrecidas tras la colocaci\u00f3n de una ofrenda floral en el Altar de<\/p>\n","protected":false},"author":1,"featured_media":39670,"comment_status":"open","ping_status":"open","sticky":false,"template":"","format":"standard","meta":{"footnotes":""},"categories":[7],"tags":[],"class_list":["post-39669","post","type-post","status-publish","format-standard","has-post-thumbnail","hentry","category-nacionales"],"_links":{"self":[{"href":"https:\/\/defrentealaverdad.com\/index.php\/wp-json\/wp\/v2\/posts\/39669","targetHints":{"allow":["GET"]}}],"collection":[{"href":"https:\/\/defrentealaverdad.com\/index.php\/wp-json\/wp\/v2\/posts"}],"about":[{"href":"https:\/\/defrentealaverdad.com\/index.php\/wp-json\/wp\/v2\/types\/post"}],"author":[{"embeddable":true,"href":"https:\/\/defrentealaverdad.com\/index.php\/wp-json\/wp\/v2\/users\/1"}],"replies":[{"embeddable":true,"href":"https:\/\/defrentealaverdad.com\/index.php\/wp-json\/wp\/v2\/comments?post=39669"}],"version-history":[{"count":1,"href":"https:\/\/defrentealaverdad.com\/index.php\/wp-json\/wp\/v2\/posts\/39669\/revisions"}],"predecessor-version":[{"id":39671,"href":"https:\/\/defrentealaverdad.com\/index.php\/wp-json\/wp\/v2\/posts\/39669\/revisions\/39671"}],"wp:featuredmedia":[{"embeddable":true,"href":"https:\/\/defrentealaverdad.com\/index.php\/wp-json\/wp\/v2\/media\/39670"}],"wp:attachment":[{"href":"https:\/\/defrentealaverdad.com\/index.php\/wp-json\/wp\/v2\/media?parent=39669"}],"wp:term":[{"taxonomy":"category","embeddable":true,"href":"https:\/\/defrentealaverdad.com\/index.php\/wp-json\/wp\/v2\/categories?post=39669"},{"taxonomy":"post_tag","embeddable":true,"href":"https:\/\/defrentealaverdad.com\/index.php\/wp-json\/wp\/v2\/tags?post=39669"}],"curies":[{"name":"wp","href":"https:\/\/api.w.org\/{rel}","templated":true}]}}