{"id":39666,"date":"2025-02-17T00:40:58","date_gmt":"2025-02-17T00:40:58","guid":{"rendered":"https:\/\/defrentealaverdad.com\/?p=39666"},"modified":"2025-02-18T00:41:15","modified_gmt":"2025-02-18T00:41:15","slug":"fundacion-rica-y-sanar-una-nacion-apoyaran-programa-de-salud-de-los-veteranos","status":"publish","type":"post","link":"https:\/\/defrentealaverdad.com\/index.php\/2025\/02\/17\/fundacion-rica-y-sanar-una-nacion-apoyaran-programa-de-salud-de-los-veteranos\/","title":{"rendered":"Fundaci\u00f3n Rica y Sanar una Naci\u00f3n apoyar\u00e1n programa de salud de los Veteranos."},"content":{"rendered":"<p style=\"text-align: justify;\">En la ma\u00f1ana de hoy el Mayor General (R) Valerio Garc\u00eda Reyes ERD recibi\u00f3 en su despacho a los directivos de Sanar una Naci\u00f3n y la Fundaci\u00f3n Rica quienes se comprometieron a suministrar apoyo a los programas de salud de los Veteranos que desarrolla la Hermandad<\/p>\n<p style=\"text-align: justify;\">Tim Tucelli y Wenceslao Soto se comprometieron a apoyar a los Pensionados de las FF.AA. y P.N. con el suministro de medicamentos, sobre todo para presi\u00f3n arterial, Diabetes y para pr\u00f3stata, as\u00ed como chequeos m\u00e9dicos para tales pacientes, adem\u00e1s de alimentos enriquecidos para nutrici\u00f3n; todo en consonancia con los programas de ampliaci\u00f3n de la atencion en salud y el programa de alimentaci\u00f3n focalizada que implementa la Hermandad de Veteranos Pensionados de las Fuerzas Armadas y la Polic\u00eda Nacional en la Presidencia del Mayor General (R) Valerio Garc\u00eda Reyes, ERD<\/p>\n<p style=\"text-align: justify;\">El Gral. Valerio aprovech\u00f3 para hacerles un recorrido por las instalaciones donde pudieron observar el avance de infraestructura de todos los servicios que realiza la referida instituci\u00f3n.<\/p>\n<p style=\"text-align: justify;\">El Sr. Tim y el Sr. Soto coincidieron en valorar y realzar los esfuerzos, avances y servicios que en tan poco tiempo se est\u00e1n llevando a cabo en esta gesti\u00f3n 2024-2027.<\/p>\n<p>Fuente: Pensionados de las FF.AA. y P.N.<\/p>\n","protected":false},"excerpt":{"rendered":"<p>En la ma\u00f1ana de hoy el Mayor General (R) Valerio Garc\u00eda Reyes ERD recibi\u00f3 en<\/p>\n","protected":false},"author":1,"featured_media":39667,"comment_status":"open","ping_status":"open","sticky":false,"template":"","format":"standard","meta":{"footnotes":""},"categories":[7],"tags":[],"class_list":["post-39666","post","type-post","status-publish","format-standard","has-post-thumbnail","hentry","category-nacionales"],"_links":{"self":[{"href":"https:\/\/defrentealaverdad.com\/index.php\/wp-json\/wp\/v2\/posts\/39666","targetHints":{"allow":["GET"]}}],"collection":[{"href":"https:\/\/defrentealaverdad.com\/index.php\/wp-json\/wp\/v2\/posts"}],"about":[{"href":"https:\/\/defrentealaverdad.com\/index.php\/wp-json\/wp\/v2\/types\/post"}],"author":[{"embeddable":true,"href":"https:\/\/defrentealaverdad.com\/index.php\/wp-json\/wp\/v2\/users\/1"}],"replies":[{"embeddable":true,"href":"https:\/\/defrentealaverdad.com\/index.php\/wp-json\/wp\/v2\/comments?post=39666"}],"version-history":[{"count":1,"href":"https:\/\/defrentealaverdad.com\/index.php\/wp-json\/wp\/v2\/posts\/39666\/revisions"}],"predecessor-version":[{"id":39668,"href":"https:\/\/defrentealaverdad.com\/index.php\/wp-json\/wp\/v2\/posts\/39666\/revisions\/39668"}],"wp:featuredmedia":[{"embeddable":true,"href":"https:\/\/defrentealaverdad.com\/index.php\/wp-json\/wp\/v2\/media\/39667"}],"wp:attachment":[{"href":"https:\/\/defrentealaverdad.com\/index.php\/wp-json\/wp\/v2\/media?parent=39666"}],"wp:term":[{"taxonomy":"category","embeddable":true,"href":"https:\/\/defrentealaverdad.com\/index.php\/wp-json\/wp\/v2\/categories?post=39666"},{"taxonomy":"post_tag","embeddable":true,"href":"https:\/\/defrentealaverdad.com\/index.php\/wp-json\/wp\/v2\/tags?post=39666"}],"curies":[{"name":"wp","href":"https:\/\/api.w.org\/{rel}","templated":true}]}}