{"id":39661,"date":"2025-02-17T00:31:50","date_gmt":"2025-02-17T00:31:50","guid":{"rendered":"https:\/\/defrentealaverdad.com\/?p=39661"},"modified":"2025-02-18T00:38:38","modified_gmt":"2025-02-18T00:38:38","slug":"dra-katherine-rivas-asume-como-nueva-directora-del-hospital-las-caobas","status":"publish","type":"post","link":"https:\/\/defrentealaverdad.com\/index.php\/2025\/02\/17\/dra-katherine-rivas-asume-como-nueva-directora-del-hospital-las-caobas\/","title":{"rendered":"Dra. Katherine Rivas asume como nueva directora del Hospital Las Caobas"},"content":{"rendered":"<p style=\"text-align: justify;\">Santo Domingo, R.D. \u2013 Con el compromiso de fortalecer la calidad de los servicios de salud, la doctora Katherine Rivas fue juramentada como nueva directora del Hospital Las Caobas. Su designaci\u00f3n responde a una trayectoria destacada en el \u00e1mbito m\u00e9dico, acad\u00e9mico y gerencial, con una visi\u00f3n centrada en brindar atenci\u00f3n digna y humanizada a toda la comunidad.<\/p>\n<p style=\"text-align: justify;\">La doctora Rivas es m\u00e9dico egresada de la Universidad Aut\u00f3noma de Santo Domingo (UASD), especialista en Medicina Familiar y mag\u00edster en Salud P\u00fablica y Epidemiolog\u00eda, habiendo culminado recientemente su tesis en esta \u00faltima \u00e1rea. Su formaci\u00f3n se complementa con m\u00faltiples diplomados, destac\u00e1ndose en Gesti\u00f3n Hospitalaria y Auditor\u00eda de los Servicios de Salud.<\/p>\n<p style=\"text-align: justify;\">Con una amplia experiencia en la gerencia hospitalaria, se desempe\u00f1\u00f3 anteriormente como subdirectora del Hospital Las Caobas, donde fue una pieza clave en la implementaci\u00f3n de mejoras operativas alineadas con las prioridades de la gesti\u00f3n del presidente Luis Abinader. Adem\u00e1s, fue jefa de residentes del Hospital Marcelino V\u00e9lez Santana y actualmente es Directora de Investigaci\u00f3n y docente en la Universidad Odontol\u00f3gica Dominicana.<\/p>\n<p style=\"text-align: justify;\">Durante el acto de juramentaci\u00f3n, la doctora Rivas expres\u00f3 su compromiso de continuar impulsando programas de atenci\u00f3n integral, humanizaci\u00f3n de los servicios y fortalecimiento de la calidad asistencial.<\/p>\n<blockquote>\n<p style=\"text-align: justify;\">\u201cAsumo esta responsabilidad con vocaci\u00f3n de servicio, enfocada en garantizar un sistema de salud digno y eficiente para nuestra comunidad\u201d, destac\u00f3.<\/p>\n<\/blockquote>\n<p style=\"text-align: justify;\">Originaria del sector Las Caobas, la doctora Rivas es una mujer de s\u00f3lidos valores, esposa y madre de dos hijos, que apuesta al crecimiento integral y al servicio comunitario.<\/p>\n<p style=\"text-align: justify;\">Con este nombramiento, el Hospital Las Caobas reafirma su misi\u00f3n de ofrecer servicios de salud de calidad, con un equipo profesional comprometido y liderado por una directora con visi\u00f3n, \u00e9tica y capacidad gerencial.<\/p>\n<p>Fuente: Prensa Hospital Las Caobas<\/p>\n","protected":false},"excerpt":{"rendered":"<p>Santo Domingo, R.D. \u2013 Con el compromiso de fortalecer la calidad de los servicios de<\/p>\n","protected":false},"author":1,"featured_media":39662,"comment_status":"open","ping_status":"open","sticky":false,"template":"","format":"standard","meta":{"footnotes":""},"categories":[221],"tags":[],"class_list":["post-39661","post","type-post","status-publish","format-standard","has-post-thumbnail","hentry","category-salud"],"_links":{"self":[{"href":"https:\/\/defrentealaverdad.com\/index.php\/wp-json\/wp\/v2\/posts\/39661","targetHints":{"allow":["GET"]}}],"collection":[{"href":"https:\/\/defrentealaverdad.com\/index.php\/wp-json\/wp\/v2\/posts"}],"about":[{"href":"https:\/\/defrentealaverdad.com\/index.php\/wp-json\/wp\/v2\/types\/post"}],"author":[{"embeddable":true,"href":"https:\/\/defrentealaverdad.com\/index.php\/wp-json\/wp\/v2\/users\/1"}],"replies":[{"embeddable":true,"href":"https:\/\/defrentealaverdad.com\/index.php\/wp-json\/wp\/v2\/comments?post=39661"}],"version-history":[{"count":1,"href":"https:\/\/defrentealaverdad.com\/index.php\/wp-json\/wp\/v2\/posts\/39661\/revisions"}],"predecessor-version":[{"id":39663,"href":"https:\/\/defrentealaverdad.com\/index.php\/wp-json\/wp\/v2\/posts\/39661\/revisions\/39663"}],"wp:featuredmedia":[{"embeddable":true,"href":"https:\/\/defrentealaverdad.com\/index.php\/wp-json\/wp\/v2\/media\/39662"}],"wp:attachment":[{"href":"https:\/\/defrentealaverdad.com\/index.php\/wp-json\/wp\/v2\/media?parent=39661"}],"wp:term":[{"taxonomy":"category","embeddable":true,"href":"https:\/\/defrentealaverdad.com\/index.php\/wp-json\/wp\/v2\/categories?post=39661"},{"taxonomy":"post_tag","embeddable":true,"href":"https:\/\/defrentealaverdad.com\/index.php\/wp-json\/wp\/v2\/tags?post=39661"}],"curies":[{"name":"wp","href":"https:\/\/api.w.org\/{rel}","templated":true}]}}