{"id":39657,"date":"2025-02-17T00:24:40","date_gmt":"2025-02-17T00:24:40","guid":{"rendered":"https:\/\/defrentealaverdad.com\/?p=39657"},"modified":"2025-02-18T00:28:38","modified_gmt":"2025-02-18T00:28:38","slug":"39657","status":"publish","type":"post","link":"https:\/\/defrentealaverdad.com\/index.php\/2025\/02\/17\/39657\/","title":{"rendered":"Embajador de China asistir\u00e1 como invitado de honor a la feria \u201cTurismo y Atracci\u00f3n 2025\u201d en Pedernales"},"content":{"rendered":"<p style=\"text-align: justify;\">Santo Domingo.- El embajador de la Rep\u00fablica Popular China en la Rep\u00fablica Dominicana, su excelencia Chen Luning, asistir\u00e1 como invitado de honor a la segunda edici\u00f3n de la feria tur\u00edstica \u201cTurismo y Atracciones 2025\u201d en Pedernales, bajo el eslogan \u00a1Por amor al desarrollo y la inversi\u00f3n!\u00bb, que se llevar\u00e1 a cabo del 7 a 9 de marzo en el hotel Villas del Mar.<\/p>\n<p style=\"text-align: justify;\">Su excelencia, quien visitar\u00e1 por primera vez a Pedernales, se har\u00e1 acompa\u00f1ar con parte de su equipo para conocer los atractivos y exposiciones que se llevar\u00e1n a cabo en la segunda edici\u00f3n de Turismo y Atracciones.<\/p>\n<p style=\"text-align: justify;\">La segunda edici\u00f3n de la feria tur\u00edstica \u201cTurismo y Atracciones 2025\u201d, tendr\u00e1 a India como pa\u00eds invitado de honor y que ser\u00e1 representado por el Embajador Extraordinario y Plenipotenciario de la India en Rep\u00fablica Dominicana, su excelencia Ramu Abbagani.<\/p>\n<p style=\"text-align: justify;\"><strong>Sobre la TyA 2025<\/strong><\/p>\n<p style=\"text-align: justify;\">La provincia de Pedernales ser\u00e1 la sede de la segunda edici\u00f3n de la feria tur\u00edstica<em> \u201cTurismo y Atracciones 2025\u201d,<\/em> bajo el slogan<em> \u201cPor amor al desarrollo y la inversi\u00f3n\u201d,<\/em> evento que se realizar\u00e1 del viernes 7 al domingo 9 de marzo 2025 en el hotel Villas del Mar.<\/p>\n<p style=\"text-align: justify;\">Kelvin Fa\u00f1a, CEO de TyA 2025, inform\u00f3 que la feria tur\u00edstica ofrecer\u00e1 una agenda tem\u00e1tica que incluir\u00e1 conferencias, encuentro de negocios, presentaci\u00f3n de productos, oportunidades de negocios, ventas y ofertas de servicios.<\/p>\n<p style=\"text-align: justify;\">TyA 2025, organizada por Turismo y Atracciones y la empresa Grupo Mecca, es un espacio para que los inversionistas y emprendedores del sector tur\u00edstico puedan conocer las ofertas de servicios, productos tur\u00edsticos y las oportunidades de inversi\u00f3n y desarrollo de Pedernales.<\/p>\n<p style=\"text-align: justify;\">Los asistentes podr\u00e1n disfrutar de las diversas actividades y atracciones que ofrece la provincia de Pedernales, como aventuras en la naturaleza, turismo gastron\u00f3mico, turismo local, exploraci\u00f3n de r\u00edos, visita a Bah\u00edas de las \u00c1guilas, montar buggies y regata, entre otros atractivos.<\/p>\n<p style=\"text-align: justify;\">La feria tur\u00edstica <em>\u201cTurismo y Atracciones 2025\u201d,<\/em> <strong><em>por \u00a1Por amor al desarrollo y la inversi\u00f3n!\u201d,<\/em><\/strong> contar\u00e1 con participaci\u00f3n art\u00edsticas y muchas sorpresas. Para participar como invitado o patrocinador de Turismo y Atracciones 2025, los interesados deben llenar un formulario y enviarlo al correo turismoyatracciones@gmail.com o al WhatsApp\/Celular con Kelvin Fa\u00f1a: 809-965-8643. Tambi\u00e9n pueden visitar la p\u00e1gina web www.turismoyatracciones.com para obtener m\u00e1s informaci\u00f3n.<\/p>\n<p style=\"text-align: justify;\">Se espera que Turismo y Atracciones 2025 reciba m\u00e1s de 10 mil visitantes, que podr\u00e1n descubrir las maravillas que ofrece Pedernales como destino tur\u00edstico y de inversi\u00f3n.<\/p>\n<p>Fuente: Turismo y Atracciones 2025<\/p>\n","protected":false},"excerpt":{"rendered":"<p>Santo Domingo.- El embajador de la Rep\u00fablica Popular China en la Rep\u00fablica Dominicana, su excelencia<\/p>\n","protected":false},"author":4,"featured_media":39660,"comment_status":"open","ping_status":"open","sticky":false,"template":"","format":"standard","meta":{"footnotes":""},"categories":[11],"tags":[],"class_list":["post-39657","post","type-post","status-publish","format-standard","has-post-thumbnail","hentry","category-turismo"],"_links":{"self":[{"href":"https:\/\/defrentealaverdad.com\/index.php\/wp-json\/wp\/v2\/posts\/39657","targetHints":{"allow":["GET"]}}],"collection":[{"href":"https:\/\/defrentealaverdad.com\/index.php\/wp-json\/wp\/v2\/posts"}],"about":[{"href":"https:\/\/defrentealaverdad.com\/index.php\/wp-json\/wp\/v2\/types\/post"}],"author":[{"embeddable":true,"href":"https:\/\/defrentealaverdad.com\/index.php\/wp-json\/wp\/v2\/users\/4"}],"replies":[{"embeddable":true,"href":"https:\/\/defrentealaverdad.com\/index.php\/wp-json\/wp\/v2\/comments?post=39657"}],"version-history":[{"count":2,"href":"https:\/\/defrentealaverdad.com\/index.php\/wp-json\/wp\/v2\/posts\/39657\/revisions"}],"predecessor-version":[{"id":39659,"href":"https:\/\/defrentealaverdad.com\/index.php\/wp-json\/wp\/v2\/posts\/39657\/revisions\/39659"}],"wp:featuredmedia":[{"embeddable":true,"href":"https:\/\/defrentealaverdad.com\/index.php\/wp-json\/wp\/v2\/media\/39660"}],"wp:attachment":[{"href":"https:\/\/defrentealaverdad.com\/index.php\/wp-json\/wp\/v2\/media?parent=39657"}],"wp:term":[{"taxonomy":"category","embeddable":true,"href":"https:\/\/defrentealaverdad.com\/index.php\/wp-json\/wp\/v2\/categories?post=39657"},{"taxonomy":"post_tag","embeddable":true,"href":"https:\/\/defrentealaverdad.com\/index.php\/wp-json\/wp\/v2\/tags?post=39657"}],"curies":[{"name":"wp","href":"https:\/\/api.w.org\/{rel}","templated":true}]}}