{"id":39599,"date":"2025-02-17T01:48:10","date_gmt":"2025-02-17T01:48:10","guid":{"rendered":"https:\/\/defrentealaverdad.com\/?p=39599"},"modified":"2025-02-17T01:48:10","modified_gmt":"2025-02-17T01:48:10","slug":"carnaval-de-santiago-un-segundo-domingo-exitoso-que-une-a-toda-la-familia","status":"publish","type":"post","link":"https:\/\/defrentealaverdad.com\/index.php\/2025\/02\/17\/carnaval-de-santiago-un-segundo-domingo-exitoso-que-une-a-toda-la-familia\/","title":{"rendered":"\u201cCarnaval de Santiago: Un segundo domingo exitoso que une a toda la familia\u201d"},"content":{"rendered":"<p style=\"text-align: justify;\">El segundo domingo del Carnaval de Santiago se consolid\u00f3 como una jornada de celebraci\u00f3n y uni\u00f3n familiar, marcando un hito en la tradici\u00f3n cultural de la ciudad.<\/p>\n<p style=\"text-align: justify;\">Con una asistencia familiar r\u00e9cord, el ambiente festivo se llen\u00f3 de color, m\u00fasica y sonrisas que resonaron en cada rinc\u00f3n del Parque Central en la ciudad coraz\u00f3n.<\/p>\n<p style=\"text-align: justify;\">Durante la jornada, se destac\u00f3 la importancia de mantener vivas las tradiciones culturales. La energ\u00eda positiva y el compromiso con el patrimonio de la ciudad se hicieron evidentes, reafirmando que la cultura es un motor para el crecimiento y la cohesi\u00f3n social.<\/p>\n<p style=\"text-align: justify;\">El alcalde de Santiago, Ulises Rodriguez, expres\u00f3 su satisfacci\u00f3n por el \u00e9xito del evento destacando que <em>\u201cel carnaval de Santiago no solo es una muestra de nuestra rica tradici\u00f3n, sino tambi\u00e9n una celebraci\u00f3n que une a las familias y fortalece nuestro tejido social. Cada actividad, cada sonrisa y cada encuentro son testimonio del compromiso que tenemos con la cultura y la tradici\u00f3n, pilares fundamentales de nuestra identidad.\u201d<\/em><\/p>\n<p style=\"text-align: justify;\">El \u00e9xito del segundo domingo se vio reflejado en la notable presencia familiar, lo que demuestra la creciente conexi\u00f3n de la comunidad con sus ra\u00edces y su entusiasmo por vivir experiencias culturales que trascienden generaciones.<\/p>\n<p style=\"text-align: justify;\">El toque musical en el segundo domingo estuvo a cargo de Mark B, Urbanda y Lil Nay.<\/p>\n<p style=\"text-align: justify;\">La edici\u00f3n 2025 del carnaval de Santiago continuar\u00e1 el domingo 23 de febrero y el 2 de marzo uniendo en alegr\u00eda a turistas, familias y grupos carnavalescos que disfrutan de esta gran tradici\u00f3n.<\/p>\n<p>Fuente: Organizadores Carnaval de Santiago<\/p>\n","protected":false},"excerpt":{"rendered":"<p>El segundo domingo del Carnaval de Santiago se consolid\u00f3 como una jornada de celebraci\u00f3n y<\/p>\n","protected":false},"author":1,"featured_media":39600,"comment_status":"open","ping_status":"open","sticky":false,"template":"","format":"standard","meta":{"footnotes":""},"categories":[245],"tags":[],"class_list":["post-39599","post","type-post","status-publish","format-standard","has-post-thumbnail","hentry","category-cultura"],"_links":{"self":[{"href":"https:\/\/defrentealaverdad.com\/index.php\/wp-json\/wp\/v2\/posts\/39599","targetHints":{"allow":["GET"]}}],"collection":[{"href":"https:\/\/defrentealaverdad.com\/index.php\/wp-json\/wp\/v2\/posts"}],"about":[{"href":"https:\/\/defrentealaverdad.com\/index.php\/wp-json\/wp\/v2\/types\/post"}],"author":[{"embeddable":true,"href":"https:\/\/defrentealaverdad.com\/index.php\/wp-json\/wp\/v2\/users\/1"}],"replies":[{"embeddable":true,"href":"https:\/\/defrentealaverdad.com\/index.php\/wp-json\/wp\/v2\/comments?post=39599"}],"version-history":[{"count":1,"href":"https:\/\/defrentealaverdad.com\/index.php\/wp-json\/wp\/v2\/posts\/39599\/revisions"}],"predecessor-version":[{"id":39601,"href":"https:\/\/defrentealaverdad.com\/index.php\/wp-json\/wp\/v2\/posts\/39599\/revisions\/39601"}],"wp:featuredmedia":[{"embeddable":true,"href":"https:\/\/defrentealaverdad.com\/index.php\/wp-json\/wp\/v2\/media\/39600"}],"wp:attachment":[{"href":"https:\/\/defrentealaverdad.com\/index.php\/wp-json\/wp\/v2\/media?parent=39599"}],"wp:term":[{"taxonomy":"category","embeddable":true,"href":"https:\/\/defrentealaverdad.com\/index.php\/wp-json\/wp\/v2\/categories?post=39599"},{"taxonomy":"post_tag","embeddable":true,"href":"https:\/\/defrentealaverdad.com\/index.php\/wp-json\/wp\/v2\/tags?post=39599"}],"curies":[{"name":"wp","href":"https:\/\/api.w.org\/{rel}","templated":true}]}}