{"id":39589,"date":"2025-02-16T21:26:27","date_gmt":"2025-02-16T21:26:27","guid":{"rendered":"https:\/\/defrentealaverdad.com\/?p=39589"},"modified":"2025-02-16T21:28:10","modified_gmt":"2025-02-16T21:28:10","slug":"sur-futuro-anuncia-segunda-edicion-de-curso-de-cambio-climatico-para-comunicadores-en-santiago","status":"publish","type":"post","link":"https:\/\/defrentealaverdad.com\/index.php\/2025\/02\/16\/sur-futuro-anuncia-segunda-edicion-de-curso-de-cambio-climatico-para-comunicadores-en-santiago\/","title":{"rendered":"Sur Futuro anuncia segunda edici\u00f3n de curso de cambio clim\u00e1tico para comunicadores en Santiago"},"content":{"rendered":"<blockquote>\n<p style=\"text-align: justify;\">La fundaci\u00f3n busca facilitar la contribuci\u00f3n de los medios de comunicaci\u00f3n para que la crisis clim\u00e1tica sea abordada de manera amplia, precisa y eficiente.<\/p>\n<\/blockquote>\n<p style=\"text-align: justify;\">SANTO DOMINGO. La Fundaci\u00f3n Sur Futuro anunci\u00f3 la segunda edici\u00f3n del curso \u00ab<strong><em>Comunicando el Cambio Clim\u00e1tico: Narrativas para el Futuro\u00bb,<\/em> <\/strong>que realizar\u00e1 en alianza con la Pontificia Universidad Cat\u00f3lica Madre y Maestra (PUCMM), dirigido a profesionales de la comunicaci\u00f3n, el cual se impartir\u00e1 en Santiago de los Caballeros a partir del 24 de abril pr\u00f3ximo.<img decoding=\"async\" class=\"size-medium wp-image-39592 alignright lazyload\" data-src=\"https:\/\/defrentealaverdad.com\/wp-content\/uploads\/2025\/02\/IMG_2821-300x200.jpg\" alt=\"\" width=\"300\" height=\"200\" data-srcset=\"https:\/\/defrentealaverdad.com\/wp-content\/uploads\/2025\/02\/IMG_2821-300x200.jpg 300w, https:\/\/defrentealaverdad.com\/wp-content\/uploads\/2025\/02\/IMG_2821-1024x683.jpg 1024w, https:\/\/defrentealaverdad.com\/wp-content\/uploads\/2025\/02\/IMG_2821-768x512.jpg 768w, https:\/\/defrentealaverdad.com\/wp-content\/uploads\/2025\/02\/IMG_2821-1536x1025.jpg 1536w, https:\/\/defrentealaverdad.com\/wp-content\/uploads\/2025\/02\/IMG_2821-2048x1367.jpg 2048w\" data-sizes=\"(max-width: 300px) 100vw, 300px\" src=\"data:image\/svg+xml;base64,PHN2ZyB3aWR0aD0iMSIgaGVpZ2h0PSIxIiB4bWxucz0iaHR0cDovL3d3dy53My5vcmcvMjAwMC9zdmciPjwvc3ZnPg==\" style=\"--smush-placeholder-width: 300px; --smush-placeholder-aspect-ratio: 300\/200;\" \/><\/p>\n<p style=\"text-align: justify;\">Las entidades organizadoras consideran vital formar a los comunicadores sociales de la regi\u00f3n centro y norte del pa\u00eds, sobre la importancia y repercusiones del cambio clim\u00e1tico, con el objeto de facilitar la transmisi\u00f3n de los mensajes clave asociados al tema.<\/p>\n<p style=\"text-align: justify;\"><img decoding=\"async\" class=\"size-medium wp-image-39594 alignleft lazyload\" data-src=\"https:\/\/defrentealaverdad.com\/wp-content\/uploads\/2025\/02\/DG_07703-300x200.jpg\" alt=\"\" width=\"300\" height=\"200\" data-srcset=\"https:\/\/defrentealaverdad.com\/wp-content\/uploads\/2025\/02\/DG_07703-300x200.jpg 300w, https:\/\/defrentealaverdad.com\/wp-content\/uploads\/2025\/02\/DG_07703-1024x683.jpg 1024w, https:\/\/defrentealaverdad.com\/wp-content\/uploads\/2025\/02\/DG_07703-768x512.jpg 768w, https:\/\/defrentealaverdad.com\/wp-content\/uploads\/2025\/02\/DG_07703-1536x1024.jpg 1536w, https:\/\/defrentealaverdad.com\/wp-content\/uploads\/2025\/02\/DG_07703-2048x1365.jpg 2048w\" data-sizes=\"(max-width: 300px) 100vw, 300px\" src=\"data:image\/svg+xml;base64,PHN2ZyB3aWR0aD0iMSIgaGVpZ2h0PSIxIiB4bWxucz0iaHR0cDovL3d3dy53My5vcmcvMjAwMC9zdmciPjwvc3ZnPg==\" style=\"--smush-placeholder-width: 300px; --smush-placeholder-aspect-ratio: 300\/200;\" \/>El lanzamiento de la primera edici\u00f3n del curso fue realizada en Santo Domingo, en octubre de 2024, con la participaci\u00f3n del rector de la PUCMM, Rvdo. P. Dr. Secilio Espinal, y la presidenta de Sur Futuro, Melba Segura de Grull\u00f3n. Como oradora invitada estuvo la expresidenta de Costa Rica, Laura Chinchilla.<\/p>\n<p style=\"text-align: justify;\">La presidenta de Sur Futuro, Melba Segura de Grull\u00f3n, expres\u00f3 que <em>\u201ccon esta nueva edici\u00f3n del curso en Santiago, y luego en la regi\u00f3n Este, se reafirma el compromiso de la Fundaci\u00f3n de atender la necesidad de sensibilizar a toda la sociedad en la lucha contra el cambio clim\u00e1tico y viene a sumarse a las capacitaciones que Sur Futuro ha realizado para l\u00edderes comunitarios, maestros, redes de j\u00f3venes y organizaciones de base\u201d.<\/em><\/p>\n<p style=\"text-align: justify;\">Sur Futuro estableci\u00f3 su programa de cambio clim\u00e1tico hace 14 a\u00f1os mediante el registro como Organizaci\u00f3n Observadora ante la Convenci\u00f3n de las Naciones Unidas para el Cambio Clim\u00e1tico, conscientes de la magnitud global del problema.<\/p>\n<blockquote>\n<p style=\"text-align: justify;\">\u201cEl cambio clim\u00e1tico es ya una realidad que nos enfrentar\u00e1 a eventos de mayor frecuencia e intensidad de lo visto hasta la fecha. Hoy, vamos rumbo a una crisis clim\u00e1tica sin precedentes\u201d afirm\u00f3 la presidenta de Sur Futuro, do\u00f1a Melba Segura de Grull\u00f3n\u201d.<\/p>\n<\/blockquote>\n<p style=\"text-align: justify;\">El <em><strong>curso especializado \u201cComunicando el Cambio Clim\u00e1tico: Narrativas para el Futuro\u201d,<\/strong> <\/em>cuenta con m\u00f3dulos dise\u00f1ados para explorar la responsabilidad \u00e9tica en la cobertura clim\u00e1tica, comprender el contexto internacional del cambio clim\u00e1tico, y profundizar en casos espec\u00edficos de la regi\u00f3n. Este programa proporcionar\u00e1 herramientas te\u00f3ricas y pr\u00e1cticas a los comunicadores para entender y comunicar el cambio clim\u00e1tico de manera efectiva, a la vez que fomentar\u00e1 el compromiso \u00e9tico y responsable de la cobertura de noticias relacionadas con esta crisis clim\u00e1tica.<\/p>\n<p style=\"text-align: justify;\">Los participantes del curso obtendr\u00e1n un certificado de participaci\u00f3n acreditado por el Centro de Tecnolog\u00eda y Educaci\u00f3n Permanente (TEP) de la Pontificia Universidad Cat\u00f3lica Madre y Maestra (PUCMM).<\/p>\n<p>Fuente: Fundaci\u00f3n Sur Futuro<\/p>\n","protected":false},"excerpt":{"rendered":"<p>La fundaci\u00f3n busca facilitar la contribuci\u00f3n de los medios de comunicaci\u00f3n para que la crisis<\/p>\n","protected":false},"author":2,"featured_media":39590,"comment_status":"open","ping_status":"open","sticky":false,"template":"","format":"standard","meta":{"footnotes":""},"categories":[7],"tags":[],"class_list":["post-39589","post","type-post","status-publish","format-standard","has-post-thumbnail","hentry","category-nacionales"],"_links":{"self":[{"href":"https:\/\/defrentealaverdad.com\/index.php\/wp-json\/wp\/v2\/posts\/39589","targetHints":{"allow":["GET"]}}],"collection":[{"href":"https:\/\/defrentealaverdad.com\/index.php\/wp-json\/wp\/v2\/posts"}],"about":[{"href":"https:\/\/defrentealaverdad.com\/index.php\/wp-json\/wp\/v2\/types\/post"}],"author":[{"embeddable":true,"href":"https:\/\/defrentealaverdad.com\/index.php\/wp-json\/wp\/v2\/users\/2"}],"replies":[{"embeddable":true,"href":"https:\/\/defrentealaverdad.com\/index.php\/wp-json\/wp\/v2\/comments?post=39589"}],"version-history":[{"count":3,"href":"https:\/\/defrentealaverdad.com\/index.php\/wp-json\/wp\/v2\/posts\/39589\/revisions"}],"predecessor-version":[{"id":39595,"href":"https:\/\/defrentealaverdad.com\/index.php\/wp-json\/wp\/v2\/posts\/39589\/revisions\/39595"}],"wp:featuredmedia":[{"embeddable":true,"href":"https:\/\/defrentealaverdad.com\/index.php\/wp-json\/wp\/v2\/media\/39590"}],"wp:attachment":[{"href":"https:\/\/defrentealaverdad.com\/index.php\/wp-json\/wp\/v2\/media?parent=39589"}],"wp:term":[{"taxonomy":"category","embeddable":true,"href":"https:\/\/defrentealaverdad.com\/index.php\/wp-json\/wp\/v2\/categories?post=39589"},{"taxonomy":"post_tag","embeddable":true,"href":"https:\/\/defrentealaverdad.com\/index.php\/wp-json\/wp\/v2\/tags?post=39589"}],"curies":[{"name":"wp","href":"https:\/\/api.w.org\/{rel}","templated":true}]}}