{"id":39580,"date":"2025-02-17T00:00:48","date_gmt":"2025-02-17T00:00:48","guid":{"rendered":"https:\/\/defrentealaverdad.com\/?p=39580"},"modified":"2025-02-16T20:15:19","modified_gmt":"2025-02-16T20:15:19","slug":"equipo-de-abogados-de-marino-zapete-confirma-recepcion-de-la-sentencia-que-condena-a-jean-alain-rodriguez","status":"publish","type":"post","link":"https:\/\/defrentealaverdad.com\/index.php\/2025\/02\/17\/equipo-de-abogados-de-marino-zapete-confirma-recepcion-de-la-sentencia-que-condena-a-jean-alain-rodriguez\/","title":{"rendered":"Equipo de abogados de Marino Zapete confirma recepci\u00f3n de la sentencia que condena a Jean Alain Rodr\u00edguez"},"content":{"rendered":"<blockquote>\n<p style=\"text-align: justify;\">El equipo legal del periodista Marino Zapete confirm\u00f3 oficialmente haber recibido la notificaci\u00f3n de la sentencia emitida por la Tercera Sala de la C\u00e1mara Civil y Comercial de la Corte de Apelaci\u00f3n del Distrito Nacional, que acoge la demanda por da\u00f1os y perjuicios interpuesta contra el exprocurador Jean Alain Rodr\u00edguez.<\/p>\n<\/blockquote>\n<p style=\"text-align: justify;\"><strong>Rep\u00fablica Dominicana<\/strong>. Mediante la sentencia n\u00famero 1303-2024-SSEN-00306, la Corte ordena a Rodr\u00edguez pagar a Zapete una indemnizaci\u00f3n de RD$2,000,000.00, tras determinar que el exprocurador ejerci\u00f3 presiones indebidas que llevaron a la suspensi\u00f3n de su programa, afectando ileg\u00edtimamente el ejercicio de su labor period\u00edstica. Este fallo reafirma el principio de protecci\u00f3n a la libertad de expresi\u00f3n frente a represalias que buscan coartar el derecho a la informaci\u00f3n y la fiscalizaci\u00f3n social.<\/p>\n<p style=\"text-align: justify;\">La informaci\u00f3n fue ofrecida por Carlos Alberto Polanco Rodr\u00edguez, Elsa Trinidad Guti\u00e9rrez Guill\u00e9n y Laura Rodr\u00edguez Cuevas, abogados del equipo de defensa de Zapete.<\/p>\n<p style=\"text-align: justify;\">La sentencia incluye un voto disidente de la magistrada Daisy Indhira Mont\u00e1s Pimentel, quien consider\u00f3 que Maybeth Virginia Rodr\u00edguez S\u00e1nchez, hermana del exprocurador, debi\u00f3 ser condenada solidariamente por su implicaci\u00f3n en los hechos. Adem\u00e1s, la jueza disidente sostuvo que la compensaci\u00f3n otorgada a Zapete debi\u00f3 ser mayor, en atenci\u00f3n a los da\u00f1os sufridos.<\/p>\n<p style=\"text-align: justify;\">La demanda se origin\u00f3 a ra\u00edz de la difusi\u00f3n de informaciones sobre contratos p\u00fablicos, en un contexto de cuestionamientos sobre la transparencia en su adjudicaci\u00f3n. Las acciones legales emprendidas contra Zapete fueron interpretadas como un intento de silenciar su labor informativa, lo que motiv\u00f3 su b\u00fasqueda de justicia en los tribunales.<\/p>\n<p style=\"text-align: justify;\">Este fallo sienta un precedente clave en la defensa del periodismo y la libertad de expresi\u00f3n en el pa\u00eds.<\/p>\n<p style=\"text-align: justify;\">Finalmente, el equipo legal reconoci\u00f3 que la sentencia a\u00fan puede ser objeto de un recurso de casaci\u00f3n, pero conf\u00eda en que los fundamentos jur\u00eddicos que la respaldan prevalecer\u00e1n ante cualquier intento de revisi\u00f3n.<\/p>\n<p style=\"text-align: justify;\">Fuente: Equipo Marino Zapete<\/p>\n","protected":false},"excerpt":{"rendered":"<p>El equipo legal del periodista Marino Zapete confirm\u00f3 oficialmente haber recibido la notificaci\u00f3n de la<\/p>\n","protected":false},"author":1,"featured_media":39581,"comment_status":"open","ping_status":"open","sticky":false,"template":"","format":"standard","meta":{"footnotes":""},"categories":[7],"tags":[],"class_list":["post-39580","post","type-post","status-publish","format-standard","has-post-thumbnail","hentry","category-nacionales"],"_links":{"self":[{"href":"https:\/\/defrentealaverdad.com\/index.php\/wp-json\/wp\/v2\/posts\/39580","targetHints":{"allow":["GET"]}}],"collection":[{"href":"https:\/\/defrentealaverdad.com\/index.php\/wp-json\/wp\/v2\/posts"}],"about":[{"href":"https:\/\/defrentealaverdad.com\/index.php\/wp-json\/wp\/v2\/types\/post"}],"author":[{"embeddable":true,"href":"https:\/\/defrentealaverdad.com\/index.php\/wp-json\/wp\/v2\/users\/1"}],"replies":[{"embeddable":true,"href":"https:\/\/defrentealaverdad.com\/index.php\/wp-json\/wp\/v2\/comments?post=39580"}],"version-history":[{"count":1,"href":"https:\/\/defrentealaverdad.com\/index.php\/wp-json\/wp\/v2\/posts\/39580\/revisions"}],"predecessor-version":[{"id":39582,"href":"https:\/\/defrentealaverdad.com\/index.php\/wp-json\/wp\/v2\/posts\/39580\/revisions\/39582"}],"wp:featuredmedia":[{"embeddable":true,"href":"https:\/\/defrentealaverdad.com\/index.php\/wp-json\/wp\/v2\/media\/39581"}],"wp:attachment":[{"href":"https:\/\/defrentealaverdad.com\/index.php\/wp-json\/wp\/v2\/media?parent=39580"}],"wp:term":[{"taxonomy":"category","embeddable":true,"href":"https:\/\/defrentealaverdad.com\/index.php\/wp-json\/wp\/v2\/categories?post=39580"},{"taxonomy":"post_tag","embeddable":true,"href":"https:\/\/defrentealaverdad.com\/index.php\/wp-json\/wp\/v2\/tags?post=39580"}],"curies":[{"name":"wp","href":"https:\/\/api.w.org\/{rel}","templated":true}]}}