{"id":39574,"date":"2025-02-16T20:05:03","date_gmt":"2025-02-16T20:05:03","guid":{"rendered":"https:\/\/defrentealaverdad.com\/?p=39574"},"modified":"2025-02-16T20:05:03","modified_gmt":"2025-02-16T20:05:03","slug":"joven-britanico-callum-bates-caminara-570-kilometros-por-la-educacion-en-rd","status":"publish","type":"post","link":"https:\/\/defrentealaverdad.com\/index.php\/2025\/02\/16\/joven-britanico-callum-bates-caminara-570-kilometros-por-la-educacion-en-rd\/","title":{"rendered":"Joven Brit\u00e1nico Callum Bates caminar\u00e1 570 kil\u00f3metros por la educaci\u00f3n en RD"},"content":{"rendered":"<p style=\"text-align: justify;\"><strong>Santo<\/strong> <strong>Domingo<\/strong>, <strong>R.D.\u2013<\/strong> El joven brit\u00e1nico Callum Bates ha anunciado un nuevo desaf\u00edo en apoyo a la educaci\u00f3n en la Rep\u00fablica Dominicana. Esta vez, caminar\u00e1 desde el Distrito Nacional hasta Puerto Plata para recaudar fondos para la Fundaci\u00f3n Dream Project, una organizaci\u00f3n dedicada a brindar oportunidades educativas a ni\u00f1os y j\u00f3venes en comunidades vulnerables.<\/p>\n<p style=\"text-align: justify;\">Este desaf\u00edo marca el inicio de una serie de tres caminatas para tres organizaciones ben\u00e9ficas, que en total sumar\u00e1n 570 kil\u00f3metros a lo largo del pa\u00eds. Callum ya ha demostrado su compromiso con esta causa: en 2024, camin\u00f3 desde Santo Domingo hasta Punta Cana, recaudando m\u00e1s de $7,000 para beneficiar a ni\u00f1os en B\u00e1varo.<\/p>\n<blockquote>\n<p style=\"text-align: justify;\">\u00abEstoy caminando a trav\u00e9s del pa\u00eds en beneficio de la pr\u00f3xima generaci\u00f3n, ayudando a apoyar a las organizaciones ben\u00e9ficas que ya est\u00e1n haciendo un trabajo incre\u00edble. Espero generar conciencia y recaudar fondos esenciales para lograrlo\u00bb &#8211; declar\u00f3 Callum.<\/p>\n<\/blockquote>\n<p style=\"text-align: justify;\">Ahora, con una nueva meta por delante, el brit\u00e1nico busca seguir transformando vidas a trav\u00e9s de la educaci\u00f3n. Quienes deseen apoyar la causa pueden seguir su recorrido en Instagram: @walkforeducation.dr.<\/p>\n<p>Fuente: Olbis Morrobel<\/p>\n","protected":false},"excerpt":{"rendered":"<p>Santo Domingo, R.D.\u2013 El joven brit\u00e1nico Callum Bates ha anunciado un nuevo desaf\u00edo en apoyo<\/p>\n","protected":false},"author":1,"featured_media":39575,"comment_status":"open","ping_status":"open","sticky":false,"template":"","format":"standard","meta":{"footnotes":""},"categories":[7],"tags":[],"class_list":["post-39574","post","type-post","status-publish","format-standard","has-post-thumbnail","hentry","category-nacionales"],"_links":{"self":[{"href":"https:\/\/defrentealaverdad.com\/index.php\/wp-json\/wp\/v2\/posts\/39574","targetHints":{"allow":["GET"]}}],"collection":[{"href":"https:\/\/defrentealaverdad.com\/index.php\/wp-json\/wp\/v2\/posts"}],"about":[{"href":"https:\/\/defrentealaverdad.com\/index.php\/wp-json\/wp\/v2\/types\/post"}],"author":[{"embeddable":true,"href":"https:\/\/defrentealaverdad.com\/index.php\/wp-json\/wp\/v2\/users\/1"}],"replies":[{"embeddable":true,"href":"https:\/\/defrentealaverdad.com\/index.php\/wp-json\/wp\/v2\/comments?post=39574"}],"version-history":[{"count":1,"href":"https:\/\/defrentealaverdad.com\/index.php\/wp-json\/wp\/v2\/posts\/39574\/revisions"}],"predecessor-version":[{"id":39576,"href":"https:\/\/defrentealaverdad.com\/index.php\/wp-json\/wp\/v2\/posts\/39574\/revisions\/39576"}],"wp:featuredmedia":[{"embeddable":true,"href":"https:\/\/defrentealaverdad.com\/index.php\/wp-json\/wp\/v2\/media\/39575"}],"wp:attachment":[{"href":"https:\/\/defrentealaverdad.com\/index.php\/wp-json\/wp\/v2\/media?parent=39574"}],"wp:term":[{"taxonomy":"category","embeddable":true,"href":"https:\/\/defrentealaverdad.com\/index.php\/wp-json\/wp\/v2\/categories?post=39574"},{"taxonomy":"post_tag","embeddable":true,"href":"https:\/\/defrentealaverdad.com\/index.php\/wp-json\/wp\/v2\/tags?post=39574"}],"curies":[{"name":"wp","href":"https:\/\/api.w.org\/{rel}","templated":true}]}}