{"id":39568,"date":"2025-02-16T19:59:28","date_gmt":"2025-02-16T19:59:28","guid":{"rendered":"https:\/\/defrentealaverdad.com\/?p=39568"},"modified":"2025-02-16T19:59:28","modified_gmt":"2025-02-16T19:59:28","slug":"alcaldia-despliega-gran-operativo-de-limpieza-en-las-tres-circunscripciones-del-dn","status":"publish","type":"post","link":"https:\/\/defrentealaverdad.com\/index.php\/2025\/02\/16\/alcaldia-despliega-gran-operativo-de-limpieza-en-las-tres-circunscripciones-del-dn\/","title":{"rendered":"Alcald\u00eda despliega gran operativo de limpieza en las tres circunscripciones del DN"},"content":{"rendered":"<p style=\"text-align: justify;\"><strong>Santo Domingo<\/strong> \u2013 La Alcald\u00eda del Distrito Nacional desarroll\u00f3 este domingo un amplio operativo de limpieza en las tres circunscripciones.<\/p>\n<blockquote>\n<p style=\"text-align: justify;\">\u201cDesde la Direcci\u00f3n de Aseo Urbano del Distrito Nacional, y por instrucciones de la alcaldesa Carolina Mej\u00eda, desplegamos hoy un gran operativo en las tres circunscripciones\u201d, explic\u00f3 la titular de esa direcci\u00f3n, Ana Gonz\u00e1lez.<\/p>\n<\/blockquote>\n<p style=\"text-align: justify;\">Asimismo, la funcionaria municipal detall\u00f3 que la iniciativa cont\u00f3 con 50 camiones compactadores, 20 camiones volteo y en la circunscripci\u00f3n tres se apoyaron, adem\u00e1s, en 30 unidades de las distintas fundaciones para atender esos sectores.<\/p>\n<blockquote>\n<p style=\"text-align: justify;\">\u201cExhortamos a la ciudadan\u00eda a hacer una buena disposici\u00f3n de los desechos\u201d, sugiri\u00f3 Ana Gonz\u00e1lez.<\/p>\n<\/blockquote>\n<p style=\"text-align: justify;\">El coordinador de Aseo Urbano, Miller Ovalle, puntualiz\u00f3 que el motivo de realizar el amplio operativo un domingo es porque hay muchas personas en las casas, con lo que ofrece una mayor oportunidad para sacar los desechos acumulados por distintas razones, para que se efect\u00fae una correcta recogida.<\/p>\n<p style=\"text-align: justify;\">Desde tempranas horas de la ma\u00f1ana, los sectores han sido impactados positivamente por la recogida de desechos s\u00f3lidos, la cual ha estado apoyada tambi\u00e9n por 50 brigadas de barrido y cuneteo, as\u00ed como integrantes de la Direcci\u00f3n de Gesti\u00f3n Ambiental y del Cuerpo de Bomberos del Distrito Nacional.<\/p>\n<p>Fuente: Prensa ADN<\/p>\n","protected":false},"excerpt":{"rendered":"<p>Santo Domingo \u2013 La Alcald\u00eda del Distrito Nacional desarroll\u00f3 este domingo un amplio operativo de<\/p>\n","protected":false},"author":1,"featured_media":39569,"comment_status":"open","ping_status":"open","sticky":false,"template":"","format":"standard","meta":{"footnotes":""},"categories":[7],"tags":[],"class_list":["post-39568","post","type-post","status-publish","format-standard","has-post-thumbnail","hentry","category-nacionales"],"_links":{"self":[{"href":"https:\/\/defrentealaverdad.com\/index.php\/wp-json\/wp\/v2\/posts\/39568","targetHints":{"allow":["GET"]}}],"collection":[{"href":"https:\/\/defrentealaverdad.com\/index.php\/wp-json\/wp\/v2\/posts"}],"about":[{"href":"https:\/\/defrentealaverdad.com\/index.php\/wp-json\/wp\/v2\/types\/post"}],"author":[{"embeddable":true,"href":"https:\/\/defrentealaverdad.com\/index.php\/wp-json\/wp\/v2\/users\/1"}],"replies":[{"embeddable":true,"href":"https:\/\/defrentealaverdad.com\/index.php\/wp-json\/wp\/v2\/comments?post=39568"}],"version-history":[{"count":1,"href":"https:\/\/defrentealaverdad.com\/index.php\/wp-json\/wp\/v2\/posts\/39568\/revisions"}],"predecessor-version":[{"id":39570,"href":"https:\/\/defrentealaverdad.com\/index.php\/wp-json\/wp\/v2\/posts\/39568\/revisions\/39570"}],"wp:featuredmedia":[{"embeddable":true,"href":"https:\/\/defrentealaverdad.com\/index.php\/wp-json\/wp\/v2\/media\/39569"}],"wp:attachment":[{"href":"https:\/\/defrentealaverdad.com\/index.php\/wp-json\/wp\/v2\/media?parent=39568"}],"wp:term":[{"taxonomy":"category","embeddable":true,"href":"https:\/\/defrentealaverdad.com\/index.php\/wp-json\/wp\/v2\/categories?post=39568"},{"taxonomy":"post_tag","embeddable":true,"href":"https:\/\/defrentealaverdad.com\/index.php\/wp-json\/wp\/v2\/tags?post=39568"}],"curies":[{"name":"wp","href":"https:\/\/api.w.org\/{rel}","templated":true}]}}