{"id":39565,"date":"2025-02-16T19:55:58","date_gmt":"2025-02-16T19:55:58","guid":{"rendered":"https:\/\/defrentealaverdad.com\/?p=39565"},"modified":"2025-02-16T19:56:25","modified_gmt":"2025-02-16T19:56:25","slug":"ramon-emilio-candelario-y-un-2025-de-pelicula","status":"publish","type":"post","link":"https:\/\/defrentealaverdad.com\/index.php\/2025\/02\/16\/ramon-emilio-candelario-y-un-2025-de-pelicula\/","title":{"rendered":"Ram\u00f3n Emilio Candelario y un 2025 de pel\u00edcula"},"content":{"rendered":"<p style=\"text-align: justify;\">El multipremiado actor sigue poniendo en alto nuestro cine, nuestra cultura y nuestro colores en los festivales m\u00e1s relevantes del s\u00e9ptimo arte; destacando en proyectos diversos y de alta calidad.<\/p>\n<p style=\"text-align: justify;\">En enero por segunda vez regresa al prestigioso Festival de Cine de Sundance con el corto Dominico-Candiense \u00abPlatanero\u00bb historia que capt\u00f3 la atenci\u00f3n de la industria y el p\u00fablico por su narrativa \u00fanica.<\/p>\n<p style=\"text-align: justify;\">En febrero estren\u00f3 \u201cTabula Rasa\u201d en el Festival de Cine Global de Santo Domingo, una pel\u00edcula Dominico-Espa\u00f1ola que une a ambos pa\u00edses en un triller sin precedentes; y mostrando lo mejor de Dominicana y Espa\u00f1a.<\/p>\n<p style=\"text-align: justify;\">En Marzo estrena el largometraje de \u201cLa 42\u201d en el Festival de Cine South By Southwest (SXSW) en Austin,Texas USA; en la que presta su arte nuevamente bajo la direcci\u00f3n de Jos\u00e9 Maria Cabral.<\/p>\n<p style=\"text-align: justify;\">Con \u00abPlatanero\u00bb, \u00abTabula Rasa\u00bb y \u00abLa 42\u00bb, no solo est\u00e1 representando a Rep\u00fablica Dominicana, sino tambi\u00e9n llevando la cultura caribe\u00f1a a nuevas alturas. Su entrega como actor en las historias de nuestro pueblo refuerza su compromiso con el cine y su capacidad para contar historias \u00fanicas y poderosas.<\/p>\n<p style=\"text-align: justify;\">Sin duda, Ram\u00f3n Emilio Candelario est\u00e1 dejando huella en el cine independiente y global. \u00a1Un a\u00f1o de pel\u00edcula, en todos los sentidos!<\/p>\n","protected":false},"excerpt":{"rendered":"<p>El multipremiado actor sigue poniendo en alto nuestro cine, nuestra cultura y nuestro colores en<\/p>\n","protected":false},"author":1,"featured_media":39567,"comment_status":"open","ping_status":"open","sticky":false,"template":"","format":"standard","meta":{"footnotes":""},"categories":[248],"tags":[],"class_list":["post-39565","post","type-post","status-publish","format-standard","has-post-thumbnail","hentry","category-cine"],"_links":{"self":[{"href":"https:\/\/defrentealaverdad.com\/index.php\/wp-json\/wp\/v2\/posts\/39565","targetHints":{"allow":["GET"]}}],"collection":[{"href":"https:\/\/defrentealaverdad.com\/index.php\/wp-json\/wp\/v2\/posts"}],"about":[{"href":"https:\/\/defrentealaverdad.com\/index.php\/wp-json\/wp\/v2\/types\/post"}],"author":[{"embeddable":true,"href":"https:\/\/defrentealaverdad.com\/index.php\/wp-json\/wp\/v2\/users\/1"}],"replies":[{"embeddable":true,"href":"https:\/\/defrentealaverdad.com\/index.php\/wp-json\/wp\/v2\/comments?post=39565"}],"version-history":[{"count":1,"href":"https:\/\/defrentealaverdad.com\/index.php\/wp-json\/wp\/v2\/posts\/39565\/revisions"}],"predecessor-version":[{"id":39566,"href":"https:\/\/defrentealaverdad.com\/index.php\/wp-json\/wp\/v2\/posts\/39565\/revisions\/39566"}],"wp:featuredmedia":[{"embeddable":true,"href":"https:\/\/defrentealaverdad.com\/index.php\/wp-json\/wp\/v2\/media\/39567"}],"wp:attachment":[{"href":"https:\/\/defrentealaverdad.com\/index.php\/wp-json\/wp\/v2\/media?parent=39565"}],"wp:term":[{"taxonomy":"category","embeddable":true,"href":"https:\/\/defrentealaverdad.com\/index.php\/wp-json\/wp\/v2\/categories?post=39565"},{"taxonomy":"post_tag","embeddable":true,"href":"https:\/\/defrentealaverdad.com\/index.php\/wp-json\/wp\/v2\/tags?post=39565"}],"curies":[{"name":"wp","href":"https:\/\/api.w.org\/{rel}","templated":true}]}}