{"id":39562,"date":"2025-02-16T17:51:34","date_gmt":"2025-02-16T17:51:34","guid":{"rendered":"https:\/\/defrentealaverdad.com\/?p=39562"},"modified":"2025-02-16T17:51:34","modified_gmt":"2025-02-16T17:51:34","slug":"pro-competencia-y-el-itsc-firman-acuerdo-para-fomentar-los-conocimientos-sobre-competencia-entre-los-profesionales-del-instituto","status":"publish","type":"post","link":"https:\/\/defrentealaverdad.com\/index.php\/2025\/02\/16\/pro-competencia-y-el-itsc-firman-acuerdo-para-fomentar-los-conocimientos-sobre-competencia-entre-los-profesionales-del-instituto\/","title":{"rendered":"Pro-Competencia y el ITSC firman acuerdo para fomentar los conocimientos sobre competencia entre los profesionales del instituto"},"content":{"rendered":"<blockquote>\n<p style=\"text-align: justify;\">La presidenta del Consejo Directivo de Pro-Competencia destac\u00f3 que este convenio es estrat\u00e9gico y visionario porque acerca a la instituci\u00f3n a una comunidad acad\u00e9mica.<\/p>\n<\/blockquote>\n<p style=\"text-align: justify;\"><strong>Santo Domingo.<\/strong> &#8211; La Comisi\u00f3n Nacional de Defensa de la Competencia (Pro-Competencia) y el Instituto T\u00e9cnico Superior Comunitario (ITSC) firmaron un acuerdo de cooperaci\u00f3n con el objetivo de impulsar acciones conjuntas orientadas a mejorar las capacidades de los alumnos y ejecutivos de ambas instituciones en el \u00e1mbito acad\u00e9mico, cient\u00edfico, cultural y t\u00e9cnico.<\/p>\n<p style=\"text-align: justify;\">El convenio fue firmado por la presidenta del Consejo Directivo de Pro-Competencia, Mar\u00eda Elena V\u00e1squez Taveras, y el rector del ITSC, Jos\u00e9 Ram\u00f3n Holgu\u00edn Brito, con la presencia de autoridades y colaboradores de ambas entidades.<\/p>\n<blockquote>\n<p style=\"text-align: justify;\">\u201cEste acuerdo es un paso trascendental en nuestra misi\u00f3n de fortalecer de libre y leal competencia en Rep\u00fablica Dominicana, que es un motor clave para el crecimiento econ\u00f3mico, pero su eficiencia depende del conocimiento y la conciencia que tengan los actores de la sociedad\u201d, expres\u00f3 V\u00e1squez Taveras.<\/p>\n<\/blockquote>\n<p style=\"text-align: justify;\">La presidenta del Consejo Directivo de Pro-Competencia destac\u00f3 que este convenio es estrat\u00e9gico y visionario porque acerca a la instituci\u00f3n a una comunidad acad\u00e9mica que se distingue por su excelencia en la formaci\u00f3n t\u00e9cnico superior y su compromiso con la innovaci\u00f3n y el desarrollo del talento humano.<\/p>\n<blockquote>\n<p style=\"text-align: justify;\">\u201cA trav\u00e9s de esta alianza trabajaremos juntos para dotar a los futuros profesionales de herramientas s\u00f3lidas en materia de competencia, promoviendo una econom\u00eda m\u00e1s justa, equitativa y sostenible\u201d, expres\u00f3 V\u00e1squez Taveras.<\/p>\n<\/blockquote>\n<p style=\"text-align: justify;\">Holgu\u00edn Brito manifest\u00f3 que la innovaci\u00f3n, que se fomenta a trav\u00e9s de espacios como el ITSC, debe ser resguardada por organismos como Pro-Competencia porque el desarrollo no es posible si no se protege la invenci\u00f3n.<\/p>\n<p style=\"text-align: justify;\">El rector destac\u00f3 que el Instituto Tecnol\u00f3gico Superior de Cibao (ITSC), con una matr\u00edcula de aproximadamente 5,300 estudiantes, es una instituci\u00f3n que fomenta el talento en diversas \u00e1reas.<\/p>\n<p style=\"text-align: justify;\">Se\u00f1al\u00f3 que hoy en d\u00eda ITSC se distingue por ser la mejor equipada de Rep\u00fablica Dominicana, contando con talleres de vanguardia en \u00e1reas como automotriz, electr\u00f3nica, electricidad, construcci\u00f3n, enfermer\u00eda, dise\u00f1o, entre otras.<\/p>\n<p style=\"text-align: justify;\">Holgu\u00edn Brito el instituto y Pro-Competencia tienen el compromiso de formar y proteger respectivamente, el talento dominicano porque d\u00eda Rep\u00fablica Dominicana es un pa\u00eds que est\u00e1 atrayendo grandes inversiones, por lo que se requiere capital humano capacitado y que existan organismos que garanticen los derechos de las personas sin importar donde se encuentren.<\/p>\n<p style=\"text-align: justify;\"><strong>Sobre el acuerdo<\/strong><\/p>\n<p style=\"text-align: justify;\">A trav\u00e9s del convenio, Pro-Competencia y el ITSC se comprometen a colaborar con la estructuraci\u00f3n y desarrollo de programas de estudio donde se aborden temas de derecho de la competencia; realizar charlas, conferencias, seminarios y otras jornadas de capacitaci\u00f3n; fomentar proyectos de investigaci\u00f3n aplicada que aborden desaf\u00edos del mercado competitivo en \u00e1reas como monopolios, protecci\u00f3n al consumidor y competencia econ\u00f3mica; facilitar la participaci\u00f3n de estudiantes de ITSC en programas de pasant\u00edas en Pro-Competencia; entre otras actividades.<\/p>\n<p>Fuente: Prensa Pro-Competencia<\/p>\n","protected":false},"excerpt":{"rendered":"<p>La presidenta del Consejo Directivo de Pro-Competencia destac\u00f3 que este convenio es estrat\u00e9gico y visionario<\/p>\n","protected":false},"author":4,"featured_media":39563,"comment_status":"open","ping_status":"open","sticky":false,"template":"","format":"standard","meta":{"footnotes":""},"categories":[7],"tags":[],"class_list":["post-39562","post","type-post","status-publish","format-standard","has-post-thumbnail","hentry","category-nacionales"],"_links":{"self":[{"href":"https:\/\/defrentealaverdad.com\/index.php\/wp-json\/wp\/v2\/posts\/39562","targetHints":{"allow":["GET"]}}],"collection":[{"href":"https:\/\/defrentealaverdad.com\/index.php\/wp-json\/wp\/v2\/posts"}],"about":[{"href":"https:\/\/defrentealaverdad.com\/index.php\/wp-json\/wp\/v2\/types\/post"}],"author":[{"embeddable":true,"href":"https:\/\/defrentealaverdad.com\/index.php\/wp-json\/wp\/v2\/users\/4"}],"replies":[{"embeddable":true,"href":"https:\/\/defrentealaverdad.com\/index.php\/wp-json\/wp\/v2\/comments?post=39562"}],"version-history":[{"count":1,"href":"https:\/\/defrentealaverdad.com\/index.php\/wp-json\/wp\/v2\/posts\/39562\/revisions"}],"predecessor-version":[{"id":39564,"href":"https:\/\/defrentealaverdad.com\/index.php\/wp-json\/wp\/v2\/posts\/39562\/revisions\/39564"}],"wp:featuredmedia":[{"embeddable":true,"href":"https:\/\/defrentealaverdad.com\/index.php\/wp-json\/wp\/v2\/media\/39563"}],"wp:attachment":[{"href":"https:\/\/defrentealaverdad.com\/index.php\/wp-json\/wp\/v2\/media?parent=39562"}],"wp:term":[{"taxonomy":"category","embeddable":true,"href":"https:\/\/defrentealaverdad.com\/index.php\/wp-json\/wp\/v2\/categories?post=39562"},{"taxonomy":"post_tag","embeddable":true,"href":"https:\/\/defrentealaverdad.com\/index.php\/wp-json\/wp\/v2\/tags?post=39562"}],"curies":[{"name":"wp","href":"https:\/\/api.w.org\/{rel}","templated":true}]}}