{"id":39556,"date":"2025-02-16T17:44:53","date_gmt":"2025-02-16T17:44:53","guid":{"rendered":"https:\/\/defrentealaverdad.com\/?p=39556"},"modified":"2025-02-16T17:44:53","modified_gmt":"2025-02-16T17:44:53","slug":"regidores-de-la-fuerza-del-pueblo-denuncian-irregularidades-en-la-aprobacion-del-presupuesto-2025-en-santo-domingo-oeste","status":"publish","type":"post","link":"https:\/\/defrentealaverdad.com\/index.php\/2025\/02\/16\/regidores-de-la-fuerza-del-pueblo-denuncian-irregularidades-en-la-aprobacion-del-presupuesto-2025-en-santo-domingo-oeste\/","title":{"rendered":"Regidores de la Fuerza del Pueblo denuncian irregularidades en la aprobaci\u00f3n del Presupuesto 2025 en Santo Domingo Oeste"},"content":{"rendered":"<p style=\"text-align: justify;\"><strong>Santo Domingo Oeste.<\/strong> \u2013 El bloque de regidores de la Fuerza del Pueblo en Santo Domingo Oeste contin\u00faa denunciando irregularidades en la aprobaci\u00f3n del Presupuesto Municipal para el a\u00f1o 2025, asegurando que el documento est\u00e1 viciado y carece de transparencia.<\/p>\n<p style=\"text-align: justify;\">Seg\u00fan el regidor Jorge Luis P\u00e9rez, todas las obras contempladas en el presupuesto presentan el mismo monto asignado, lo que consideran una grave irregularidad.<\/p>\n<blockquote>\n<p style=\"text-align: justify;\">\u00abEs inaceptable que la construcci\u00f3n de una calle tenga el mismo costo que la reparaci\u00f3n de un bad\u00e9n o una acera, esto demuestra una falta de planificaci\u00f3n y transparencia en la gesti\u00f3n de los fondos municipales\u00bb, expres\u00f3 P\u00e9rez.<\/p>\n<\/blockquote>\n<p style=\"text-align: justify;\">Ante esta situaci\u00f3n, los regidores de la Fuerza del Pueblo han reafirmado su rechazo al presupuesto y su decisi\u00f3n de no apoyar su aprobaci\u00f3n hasta que se realicen las correcciones necesarias y se garantice un proceso transparente y apegado a la legalidad.<\/p>\n<p style=\"text-align: justify;\">Cabe destacar que, en d\u00edas recientes, los regidores de dicho partido se retiraron de la sesi\u00f3n en la que se pretend\u00eda aprobar el presupuesto, en protesta por lo que consideran una falta de legalidad en el proceso.<\/p>\n<p style=\"text-align: justify;\">P\u00e9rez afirm\u00f3 que han tomado esta postura porque ellos tienen un compromiso con la transparencia y la correcta administraci\u00f3n de los recursos municipales, exigiendo que el presupuesto 2025 sea revisado y ajustado conforme a los principios de equidad y eficiencia en el gasto p\u00fablico.<\/p>\n<p style=\"text-align: justify;\">Fuente: Bloque de Regidores de la Fuerza del Pueblo<\/p>\n","protected":false},"excerpt":{"rendered":"<p>Santo Domingo Oeste. \u2013 El bloque de regidores de la Fuerza del Pueblo en Santo<\/p>\n","protected":false},"author":1,"featured_media":39557,"comment_status":"open","ping_status":"open","sticky":false,"template":"","format":"standard","meta":{"footnotes":""},"categories":[12],"tags":[],"class_list":["post-39556","post","type-post","status-publish","format-standard","has-post-thumbnail","hentry","category-politicas"],"_links":{"self":[{"href":"https:\/\/defrentealaverdad.com\/index.php\/wp-json\/wp\/v2\/posts\/39556","targetHints":{"allow":["GET"]}}],"collection":[{"href":"https:\/\/defrentealaverdad.com\/index.php\/wp-json\/wp\/v2\/posts"}],"about":[{"href":"https:\/\/defrentealaverdad.com\/index.php\/wp-json\/wp\/v2\/types\/post"}],"author":[{"embeddable":true,"href":"https:\/\/defrentealaverdad.com\/index.php\/wp-json\/wp\/v2\/users\/1"}],"replies":[{"embeddable":true,"href":"https:\/\/defrentealaverdad.com\/index.php\/wp-json\/wp\/v2\/comments?post=39556"}],"version-history":[{"count":1,"href":"https:\/\/defrentealaverdad.com\/index.php\/wp-json\/wp\/v2\/posts\/39556\/revisions"}],"predecessor-version":[{"id":39558,"href":"https:\/\/defrentealaverdad.com\/index.php\/wp-json\/wp\/v2\/posts\/39556\/revisions\/39558"}],"wp:featuredmedia":[{"embeddable":true,"href":"https:\/\/defrentealaverdad.com\/index.php\/wp-json\/wp\/v2\/media\/39557"}],"wp:attachment":[{"href":"https:\/\/defrentealaverdad.com\/index.php\/wp-json\/wp\/v2\/media?parent=39556"}],"wp:term":[{"taxonomy":"category","embeddable":true,"href":"https:\/\/defrentealaverdad.com\/index.php\/wp-json\/wp\/v2\/categories?post=39556"},{"taxonomy":"post_tag","embeddable":true,"href":"https:\/\/defrentealaverdad.com\/index.php\/wp-json\/wp\/v2\/tags?post=39556"}],"curies":[{"name":"wp","href":"https:\/\/api.w.org\/{rel}","templated":true}]}}