{"id":39553,"date":"2025-02-16T17:42:03","date_gmt":"2025-02-16T17:42:03","guid":{"rendered":"https:\/\/defrentealaverdad.com\/?p=39553"},"modified":"2025-02-16T17:42:03","modified_gmt":"2025-02-16T17:42:03","slug":"marcel-piel-morena-sold-out-llena-de-amor-en-lungomare","status":"publish","type":"post","link":"https:\/\/defrentealaverdad.com\/index.php\/2025\/02\/16\/marcel-piel-morena-sold-out-llena-de-amor-en-lungomare\/","title":{"rendered":"Marcel piel morena sold out \u201cLlena de Amor\u201d en Lungomare"},"content":{"rendered":"<p style=\"text-align: justify;\">Santo Domingo. &#8211; A casa llena y en un ambiente cargado de romanticismo, la cantante popular Marcel Piel Morena celebr\u00f3 el D\u00eda del Amor y la Amistad con su concierto <em>\u201cLlena de Amor\u201d,<\/em> en Lungomare, donde el p\u00fablico disfrut\u00f3 de una noche inolvidable.<\/p>\n<p style=\"text-align: justify;\">Por primera vez, Marcel present\u00f3 un repertorio dedicado exclusivamente al amor, acompa\u00f1ada de los talentosos Mariachis Mi Pa\u00eds, creando una atm\u00f3sfera m\u00e1gica que hizo vibrar a los enamorados que se dieron cita en el evento. Con su inconfundible carisma y potente voz, la artista conquist\u00f3 a la audiencia con un espect\u00e1culo emotivo y lleno de sentimiento.<\/p>\n<p style=\"text-align: justify;\">Los asistentes no solo disfrutaron de su talento, sino que tambi\u00e9n se unieron en coro para cantar a todo pulm\u00f3n cada una de sus interpretaciones, demostrando el cari\u00f1o y la admiraci\u00f3n que sienten por la artista.<\/p>\n<p style=\"text-align: justify;\">El concierto \u201cLlena de Amor\u201d reafirma una vez m\u00e1s la versatilidad de Marcel, quien contin\u00faa sorprendiendo a su p\u00fablico con nuevas propuestas musicales y presentaciones memorables, consolid\u00e1ndose como una de las voces m\u00e1s queridas de la m\u00fasica popular en el pa\u00eds.<\/p>\n<p>Fuente: Equipo Marcel<\/p>\n","protected":false},"excerpt":{"rendered":"<p>Santo Domingo. &#8211; A casa llena y en un ambiente cargado de romanticismo, la cantante<\/p>\n","protected":false},"author":4,"featured_media":39554,"comment_status":"open","ping_status":"open","sticky":false,"template":"","format":"standard","meta":{"footnotes":""},"categories":[249],"tags":[],"class_list":["post-39553","post","type-post","status-publish","format-standard","has-post-thumbnail","hentry","category-farandula"],"_links":{"self":[{"href":"https:\/\/defrentealaverdad.com\/index.php\/wp-json\/wp\/v2\/posts\/39553","targetHints":{"allow":["GET"]}}],"collection":[{"href":"https:\/\/defrentealaverdad.com\/index.php\/wp-json\/wp\/v2\/posts"}],"about":[{"href":"https:\/\/defrentealaverdad.com\/index.php\/wp-json\/wp\/v2\/types\/post"}],"author":[{"embeddable":true,"href":"https:\/\/defrentealaverdad.com\/index.php\/wp-json\/wp\/v2\/users\/4"}],"replies":[{"embeddable":true,"href":"https:\/\/defrentealaverdad.com\/index.php\/wp-json\/wp\/v2\/comments?post=39553"}],"version-history":[{"count":1,"href":"https:\/\/defrentealaverdad.com\/index.php\/wp-json\/wp\/v2\/posts\/39553\/revisions"}],"predecessor-version":[{"id":39555,"href":"https:\/\/defrentealaverdad.com\/index.php\/wp-json\/wp\/v2\/posts\/39553\/revisions\/39555"}],"wp:featuredmedia":[{"embeddable":true,"href":"https:\/\/defrentealaverdad.com\/index.php\/wp-json\/wp\/v2\/media\/39554"}],"wp:attachment":[{"href":"https:\/\/defrentealaverdad.com\/index.php\/wp-json\/wp\/v2\/media?parent=39553"}],"wp:term":[{"taxonomy":"category","embeddable":true,"href":"https:\/\/defrentealaverdad.com\/index.php\/wp-json\/wp\/v2\/categories?post=39553"},{"taxonomy":"post_tag","embeddable":true,"href":"https:\/\/defrentealaverdad.com\/index.php\/wp-json\/wp\/v2\/tags?post=39553"}],"curies":[{"name":"wp","href":"https:\/\/api.w.org\/{rel}","templated":true}]}}