{"id":39549,"date":"2025-02-16T17:34:39","date_gmt":"2025-02-16T17:34:39","guid":{"rendered":"https:\/\/defrentealaverdad.com\/?p=39549"},"modified":"2025-02-16T17:34:39","modified_gmt":"2025-02-16T17:34:39","slug":"fucass-realiza-la-actividad-amor-con-amor-se-paga-en-bayona-santo-domingo-oeste","status":"publish","type":"post","link":"https:\/\/defrentealaverdad.com\/index.php\/2025\/02\/16\/fucass-realiza-la-actividad-amor-con-amor-se-paga-en-bayona-santo-domingo-oeste\/","title":{"rendered":"FUCASS realiza la actividad \u00abAmor con amor se paga\u00bb en Bayona, Santo Domingo Oeste"},"content":{"rendered":"<p style=\"text-align: justify;\"><strong>Bayona, Santo Domingo Oeste<\/strong>. Con la participaci\u00f3n de m\u00e1s de 40 adultos mayores, la Fundaci\u00f3n Comunitaria en Acci\u00f3n por la Salud y Seguridad Social (FUCASS) realiz\u00f3 la jornada \u00abAmor con amor se paga\u00bb en el sector Bayona, Santo Domingo Oeste.<img decoding=\"async\" class=\"size-medium wp-image-39550 alignright lazyload\" data-src=\"https:\/\/defrentealaverdad.com\/wp-content\/uploads\/2025\/02\/IMG-20250216-WA0036-300x226.jpg\" alt=\"\" width=\"300\" height=\"226\" data-srcset=\"https:\/\/defrentealaverdad.com\/wp-content\/uploads\/2025\/02\/IMG-20250216-WA0036-300x226.jpg 300w, https:\/\/defrentealaverdad.com\/wp-content\/uploads\/2025\/02\/IMG-20250216-WA0036-1024x773.jpg 1024w, https:\/\/defrentealaverdad.com\/wp-content\/uploads\/2025\/02\/IMG-20250216-WA0036-768x580.jpg 768w, https:\/\/defrentealaverdad.com\/wp-content\/uploads\/2025\/02\/IMG-20250216-WA0036-720x540.jpg 720w, https:\/\/defrentealaverdad.com\/wp-content\/uploads\/2025\/02\/IMG-20250216-WA0036.jpg 1312w\" data-sizes=\"(max-width: 300px) 100vw, 300px\" src=\"data:image\/svg+xml;base64,PHN2ZyB3aWR0aD0iMSIgaGVpZ2h0PSIxIiB4bWxucz0iaHR0cDovL3d3dy53My5vcmcvMjAwMC9zdmciPjwvc3ZnPg==\" style=\"--smush-placeholder-width: 300px; --smush-placeholder-aspect-ratio: 300\/226;\" \/><\/p>\n<p style=\"text-align: justify;\">La actividad cont\u00f3 con la presencia de la Divisi\u00f3n de Actividades Recreativas para el Adulto Mayor, representada por la licenciada Milcia Mej\u00eda, y con la recreaci\u00f3n adaptada a cargo de las t\u00e9cnicas Mahirenny Agramonte y Rosanny Roa. La animaci\u00f3n estuvo a cargo de la mag\u00edster Am\u00e9rica P\u00e9rez, quien comparti\u00f3 con los presentes el poema \u00abAqu\u00ed no hay viejos\u00bb.<\/p>\n<p style=\"text-align: justify;\">La presidenta de FUCASS, la doctora Carmen Adames, agradeci\u00f3 a todas las personas e instituciones que apoyan cada una de las iniciativas de esta organizaci\u00f3n sin fines de lucro, destacando la importancia de acompa\u00f1ar y servir a los adultos mayores. Durante la jornada, se ofreci\u00f3:<\/p>\n<p style=\"text-align: justify;\">\u25aa\ufe0eCharla motivacional a cargo de la psic\u00f3loga L\u00eda Garc\u00eda<\/p>\n<p style=\"text-align: justify;\">\u25aa\ufe0eBazar solidario con ropas, accesorios, perfumes y carteras<\/p>\n<p style=\"text-align: justify;\">\u25aa\ufe0eEntrega de enlatados y alimentos b\u00e1sicos<\/p>\n<p style=\"text-align: justify;\">\u25aa\ufe0eRefrigerio para todos los participantes<\/p>\n<p style=\"text-align: justify;\">Adem\u00e1s, se anunci\u00f3 la apertura del Curso de Tejidos, que ser\u00e1 totalmente gratuito y se realizar\u00e1 los martes y jueves, de 3:30 p.m. a 5:30 p.m.<\/p>\n<p style=\"text-align: justify;\">FUCASS sigue reafirmando su compromiso con la comunidad y con nuestros adultos mayores, demostrando que el amor, cuando se da, siempre vuelve multiplicado.<\/p>\n<p>Fuente: Equipo FUCASS<\/p>\n","protected":false},"excerpt":{"rendered":"<p>Bayona, Santo Domingo Oeste. Con la participaci\u00f3n de m\u00e1s de 40 adultos mayores, la Fundaci\u00f3n<\/p>\n","protected":false},"author":2,"featured_media":39551,"comment_status":"open","ping_status":"open","sticky":false,"template":"","format":"standard","meta":{"footnotes":""},"categories":[7],"tags":[],"class_list":["post-39549","post","type-post","status-publish","format-standard","has-post-thumbnail","hentry","category-nacionales"],"_links":{"self":[{"href":"https:\/\/defrentealaverdad.com\/index.php\/wp-json\/wp\/v2\/posts\/39549","targetHints":{"allow":["GET"]}}],"collection":[{"href":"https:\/\/defrentealaverdad.com\/index.php\/wp-json\/wp\/v2\/posts"}],"about":[{"href":"https:\/\/defrentealaverdad.com\/index.php\/wp-json\/wp\/v2\/types\/post"}],"author":[{"embeddable":true,"href":"https:\/\/defrentealaverdad.com\/index.php\/wp-json\/wp\/v2\/users\/2"}],"replies":[{"embeddable":true,"href":"https:\/\/defrentealaverdad.com\/index.php\/wp-json\/wp\/v2\/comments?post=39549"}],"version-history":[{"count":1,"href":"https:\/\/defrentealaverdad.com\/index.php\/wp-json\/wp\/v2\/posts\/39549\/revisions"}],"predecessor-version":[{"id":39552,"href":"https:\/\/defrentealaverdad.com\/index.php\/wp-json\/wp\/v2\/posts\/39549\/revisions\/39552"}],"wp:featuredmedia":[{"embeddable":true,"href":"https:\/\/defrentealaverdad.com\/index.php\/wp-json\/wp\/v2\/media\/39551"}],"wp:attachment":[{"href":"https:\/\/defrentealaverdad.com\/index.php\/wp-json\/wp\/v2\/media?parent=39549"}],"wp:term":[{"taxonomy":"category","embeddable":true,"href":"https:\/\/defrentealaverdad.com\/index.php\/wp-json\/wp\/v2\/categories?post=39549"},{"taxonomy":"post_tag","embeddable":true,"href":"https:\/\/defrentealaverdad.com\/index.php\/wp-json\/wp\/v2\/tags?post=39549"}],"curies":[{"name":"wp","href":"https:\/\/api.w.org\/{rel}","templated":true}]}}