{"id":39543,"date":"2025-02-16T17:28:12","date_gmt":"2025-02-16T17:28:12","guid":{"rendered":"https:\/\/defrentealaverdad.com\/?p=39543"},"modified":"2025-02-16T17:28:12","modified_gmt":"2025-02-16T17:28:12","slug":"adri-torron-y-josean-jacobo-ganan-competencia-de-musica-el-spotlight-se-presentaran-en-isle-of-light-2025","status":"publish","type":"post","link":"https:\/\/defrentealaverdad.com\/index.php\/2025\/02\/16\/adri-torron-y-josean-jacobo-ganan-competencia-de-musica-el-spotlight-se-presentaran-en-isle-of-light-2025\/","title":{"rendered":"Adri Torr\u00f3n y Josean Jacobo ganan competencia de m\u00fasica El Spotlight; se presentar\u00e1n en Isle Of Light 2025"},"content":{"rendered":"<blockquote>\n<p style=\"text-align: justify;\">\u2060La cantante L\u00fa Polanco gan\u00f3 la categor\u00eda del voto del p\u00fablico; el festival se llevar\u00e1 a cabo este 15 de marzo<\/p>\n<\/blockquote>\n<p style=\"text-align: justify;\">SANTO DOMINGO.- Los artistas dominicanos Adri Torr\u00f3n y Josean Jacobo se alzaron como ganadores de la segunda edici\u00f3n del concurso de m\u00fasica El Spotlight, una plataforma que promueve el talento local y, como premio, los lleva las tablas del festival de Isle of Light para compartir escenario con artistas dominicanos e internacionales.<\/p>\n<blockquote>\n<p style=\"text-align: justify;\">\u201cFue una noche de pura magia. Sentir la energ\u00eda del escenario y el amor incondicional del p\u00fablico fue algo que jam\u00e1s imagin\u00e9. Gracias por regalarme este momento, por hacerlo nuestro. Esto es solo el comienzo.\u201d, sostuvo Adri.<\/p>\n<\/blockquote>\n<p>Josean agreg\u00f3:<\/p>\n<blockquote>\n<p style=\"text-align: justify;\">\u00abMe siento sumamente agradecido del maravilloso p\u00fablico que nos acompa\u00f1\u00f3 tanto en persona como en las votaciones. Me siento agradecido de la producci\u00f3n por el gran trabajo que hicieron y por tomar en cuenta mi proyecto y me siento super agradecido del jurado\u201d<\/p>\n<\/blockquote>\n<p style=\"text-align: justify;\">En esta ocasi\u00f3n, adem\u00e1s del empate entre ambos artistas, L\u00fa Polanco gan\u00f3 en la categor\u00eda de Voto del P\u00fablico. Los participantes que formaron parte del concurso presentaron atractivas e innovadoras propuestas musicales que abarcaron desde el pop, rock y urbano, hasta lo tropical e hicieron re\u00f1ida y \u00fanica esta competencia que tuvo como jurado evaluador a Annina Rodr\u00edguez, Directora de programaci\u00f3n de La X 102.FM; Richard Villegas, escritor musical; y a los artistas Let\u00f3n Pe y Mariano Lantigua, tambi\u00e9n vocalista de Aljadaqui.<\/p>\n<p style=\"text-align: justify;\">Adri y Josean tendr\u00e1n la oportunidad de presentarse este 15 de marzo en Isle of Light, en Punta Torrecilla, San Souc\u00ed, compartiendo cartelera con Incubus, Danny Ocean, Monsieur Perin\u00e9, Chet Faker, Mar\u00eda Becerra, Leisure, Usted Se\u00f1alemelo, AME, Ca7riel &amp; Paco Amoroso, y muchos m\u00e1s. Adem\u00e1s, los creadores de Isle of Light y El Spotlight anunciaron la inclusi\u00f3n de tres nuevos artistas al desfile de talentos: La Marimba, Seye y Daym\u00e9 Arocena, desde Cuba.<\/p>\n<p style=\"text-align: justify;\">La final del concurso producido por los organizadores de Isle of Light y Radio Bizarro se llev\u00f3 a cabo con la participaci\u00f3n de los 7 concursantes m\u00e1s votados y elegidos por el p\u00fablico y el jurado. Estos fueron L\u00fa Polanco, Eat The Cake, Michi, Krona, Serranow, Adri Torr\u00f3n y Josean Jacobo.<\/p>\n<p style=\"text-align: justify;\">Cabe destacar que la cartelera del und\u00e9cimo a\u00f1o de Isle of Light cuenta tambi\u00e9n con las presentaciones de los artistas PaoPao, Snenie, Aljadaqui, Sobresoma y Rum &amp; Coke.<\/p>\n<p style=\"text-align: justify;\">Isle of Light se llevar\u00e1 a cabo el s\u00e1bado 15 de marzo en Faro Punta Torrecilla, San Souci; las boletas est\u00e1n a la venta en www.isleoflight.com.<\/p>\n<p><strong>Sobre Adri Torr\u00f3n <\/strong><\/p>\n<p style=\"text-align: justify;\">A sus 16 a\u00f1os, descubri\u00f3 su amor por las letras, dando vida a \u00abLoquita Por Ti\u00bb, su primera composici\u00f3n.\u00a0Ese mismo a\u00f1o, particip\u00f3 en la primera temporada de \u201cDominicana&#8217;s Got Talent\u201d,\u00a0 y tras esa experiencia lanza varias canciones m\u00e1s incluyendo el \u00e9xito \u201cU\u00f1a con Diamante\u201d, que acumul\u00f3 1.4 millones de vistas en YouTube y cerca de 1.8 millones de streams en Spotify.<\/p>\n<p style=\"text-align: justify;\">Ha colaborado con artistas como Pascal y Aray, adem\u00e1s de tener la oportunidad de abrir conciertos de figuras consagradas como Alejandro Sanz, Man\u00e1, Bacilos y Farruko. Actualmente Adri prepara su \u00e1lbum debut, el cual saldr\u00e1 este 2025, adem\u00e1s de ser elegida como \u201cArtista 2 Watch\u201d de Premio Lo Nuestro.<\/p>\n<p><strong>Sobre Josean Jacobo<\/strong><\/p>\n<p style=\"text-align: justify;\">Comenz\u00f3 su viaje musical a los 11 a\u00f1os tomando clases de piano e improvisando melod\u00edas. Asisti\u00f3 al Berklee College of Music en Boston y comenz\u00f3 a escribir su propia m\u00fasica, present\u00e1ndose en festivales internacionales de jazz.<\/p>\n<p style=\"text-align: justify;\">Fusiona el jazz con estilos de m\u00fasica populares dominicanos, Neo Soul y dance electr\u00f3nico. Su \u00e1lbum \u00abCimarr\u00f3n\u00bb (2019) rompi\u00f3 el top 100 en la lista de jazz week, el top 50 en ABC Jazz Australia, ubic\u00e1ndose en la prestigiosa lista de \u00abDiscos de jazz m\u00e1s solicitados\u00bb de la BBC, siendo seleccionado como uno de los mejores \u00e1lbumes de 2019 publicado en la revista Jazziz y atrayendo la atenci\u00f3n de muchos cr\u00edticos de jazz y programas de radio.<\/p>\n<p>Fuente: CRNews<\/p>\n","protected":false},"excerpt":{"rendered":"<p>\u2060La cantante L\u00fa Polanco gan\u00f3 la categor\u00eda del voto del p\u00fablico; el festival se llevar\u00e1<\/p>\n","protected":false},"author":4,"featured_media":39544,"comment_status":"open","ping_status":"open","sticky":false,"template":"","format":"standard","meta":{"footnotes":""},"categories":[249],"tags":[],"class_list":["post-39543","post","type-post","status-publish","format-standard","has-post-thumbnail","hentry","category-farandula"],"_links":{"self":[{"href":"https:\/\/defrentealaverdad.com\/index.php\/wp-json\/wp\/v2\/posts\/39543","targetHints":{"allow":["GET"]}}],"collection":[{"href":"https:\/\/defrentealaverdad.com\/index.php\/wp-json\/wp\/v2\/posts"}],"about":[{"href":"https:\/\/defrentealaverdad.com\/index.php\/wp-json\/wp\/v2\/types\/post"}],"author":[{"embeddable":true,"href":"https:\/\/defrentealaverdad.com\/index.php\/wp-json\/wp\/v2\/users\/4"}],"replies":[{"embeddable":true,"href":"https:\/\/defrentealaverdad.com\/index.php\/wp-json\/wp\/v2\/comments?post=39543"}],"version-history":[{"count":1,"href":"https:\/\/defrentealaverdad.com\/index.php\/wp-json\/wp\/v2\/posts\/39543\/revisions"}],"predecessor-version":[{"id":39545,"href":"https:\/\/defrentealaverdad.com\/index.php\/wp-json\/wp\/v2\/posts\/39543\/revisions\/39545"}],"wp:featuredmedia":[{"embeddable":true,"href":"https:\/\/defrentealaverdad.com\/index.php\/wp-json\/wp\/v2\/media\/39544"}],"wp:attachment":[{"href":"https:\/\/defrentealaverdad.com\/index.php\/wp-json\/wp\/v2\/media?parent=39543"}],"wp:term":[{"taxonomy":"category","embeddable":true,"href":"https:\/\/defrentealaverdad.com\/index.php\/wp-json\/wp\/v2\/categories?post=39543"},{"taxonomy":"post_tag","embeddable":true,"href":"https:\/\/defrentealaverdad.com\/index.php\/wp-json\/wp\/v2\/tags?post=39543"}],"curies":[{"name":"wp","href":"https:\/\/api.w.org\/{rel}","templated":true}]}}