{"id":39535,"date":"2025-02-16T17:21:29","date_gmt":"2025-02-16T17:21:29","guid":{"rendered":"https:\/\/defrentealaverdad.com\/?p=39535"},"modified":"2025-02-16T17:22:51","modified_gmt":"2025-02-16T17:22:51","slug":"efemerides-patrias-recuerda-la-dimension-heroica-del-coronel-francisco-alberto-caamano-deno","status":"publish","type":"post","link":"https:\/\/defrentealaverdad.com\/index.php\/2025\/02\/16\/efemerides-patrias-recuerda-la-dimension-heroica-del-coronel-francisco-alberto-caamano-deno\/","title":{"rendered":"Efem\u00e9rides Patrias recuerda la dimensi\u00f3n heroica del Coronel Francisco Alberto Caama\u00f1o De\u00f1\u00f3"},"content":{"rendered":"<p style=\"text-align: justify;\"><strong>Santo Domingo.-<\/strong> La Comisi\u00f3n Permanente de Efem\u00e9rides Patrias en el marco del<strong><em> \u201cMes de la Patria 2025\u201d,<\/em><\/strong> realiz\u00f3 un emotivo acto de recordaci\u00f3n del Coronel Francisco Alberto Caama\u00f1o De\u00f1\u00f3, en el 52 aniversario de su asesinato, h\u00e9roe nacional y l\u00edder de la guerra patria contra la intervenci\u00f3n militar extranjera en 1965.<img decoding=\"async\" class=\"size-medium wp-image-39538 alignright lazyload\" data-src=\"https:\/\/defrentealaverdad.com\/wp-content\/uploads\/2025\/02\/IMG-20250216-WA0029-300x169.jpg\" alt=\"\" width=\"300\" height=\"169\" data-srcset=\"https:\/\/defrentealaverdad.com\/wp-content\/uploads\/2025\/02\/IMG-20250216-WA0029-300x169.jpg 300w, https:\/\/defrentealaverdad.com\/wp-content\/uploads\/2025\/02\/IMG-20250216-WA0029-1024x576.jpg 1024w, https:\/\/defrentealaverdad.com\/wp-content\/uploads\/2025\/02\/IMG-20250216-WA0029-768x432.jpg 768w, https:\/\/defrentealaverdad.com\/wp-content\/uploads\/2025\/02\/IMG-20250216-WA0029-800x450.jpg 800w, https:\/\/defrentealaverdad.com\/wp-content\/uploads\/2025\/02\/IMG-20250216-WA0029.jpg 1280w\" data-sizes=\"(max-width: 300px) 100vw, 300px\" src=\"data:image\/svg+xml;base64,PHN2ZyB3aWR0aD0iMSIgaGVpZ2h0PSIxIiB4bWxucz0iaHR0cDovL3d3dy53My5vcmcvMjAwMC9zdmciPjwvc3ZnPg==\" style=\"--smush-placeholder-width: 300px; --smush-placeholder-aspect-ratio: 300\/169;\" \/><\/p>\n<p style=\"text-align: justify;\">El acto patri\u00f3tico inici\u00f3 a las 8:00 de la ma\u00f1ana en la estatua de Caama\u00f1o, en el parque Independencia, con la interpretaci\u00f3n del Himno Nacional, seguido del dep\u00f3sito de ofrendas florales.<\/p>\n<p style=\"text-align: justify;\">Alberto Caama\u00f1o Acevedo, hijo mayor del expresidente Francisco Alberto Caama\u00f1o De\u00f1\u00f3, ofreci\u00f3 las palabras de agradecimiento a nombre de la familia del h\u00e9roe, destacando las cualidades de su padre y el sentimiento <img decoding=\"async\" class=\"size-medium wp-image-39539 alignleft lazyload\" data-src=\"https:\/\/defrentealaverdad.com\/wp-content\/uploads\/2025\/02\/IMG-20250216-WA0028-169x300.jpg\" alt=\"\" width=\"169\" height=\"300\" data-srcset=\"https:\/\/defrentealaverdad.com\/wp-content\/uploads\/2025\/02\/IMG-20250216-WA0028-169x300.jpg 169w, https:\/\/defrentealaverdad.com\/wp-content\/uploads\/2025\/02\/IMG-20250216-WA0028-576x1024.jpg 576w, https:\/\/defrentealaverdad.com\/wp-content\/uploads\/2025\/02\/IMG-20250216-WA0028.jpg 720w\" data-sizes=\"(max-width: 169px) 100vw, 169px\" src=\"data:image\/svg+xml;base64,PHN2ZyB3aWR0aD0iMSIgaGVpZ2h0PSIxIiB4bWxucz0iaHR0cDovL3d3dy53My5vcmcvMjAwMC9zdmciPjwvc3ZnPg==\" style=\"--smush-placeholder-width: 169px; --smush-placeholder-aspect-ratio: 169\/300;\" \/>patri\u00f3tico que lo llev\u00f3 a luchar y entregar su vida en un periodo convulso y de inestabilidad pol\u00edtica en el pa\u00eds. Asegur\u00f3 que su legado permanece vivo en la memoria del pueblo dominicano 52 a\u00f1os despu\u00e9s de su partida f\u00edsica. Al pronunciar el discurso central Juan Pablo Uribe, dijo:<\/p>\n<blockquote>\n<p style=\"text-align: justify;\">\u201cEn el 52 aniversario de la muerte del Coronel Francisco Alberto Caama\u00f1o De\u00f1\u00f3 h\u00e9roe nacional y presidente constitucional de la Rep\u00fablica en armas, la Comisi\u00f3n Permanente de Efem\u00e9rides Patrias, quiere reivindicar, como ya lo hemos hecho en otras ocasiones, la dimensi\u00f3n heroica de su estampa humana al suscribirse como un valiente de leyenda a la lucha por la libertad, la justicia social, y la soberan\u00eda nacional de su pa\u00eds, dejando de lado cualquier posibilidad de confort, beneficio personal, o acumulaci\u00f3n material viniendo \u00e9l de una familia de prestancia social; sin lugar a dudas \u00e9l es un fulgor \u00e9pico de la dominicanidad\u201d.<\/p>\n<\/blockquote>\n<p style=\"text-align: justify;\"><img decoding=\"async\" class=\"size-medium wp-image-39537 alignright lazyload\" data-src=\"https:\/\/defrentealaverdad.com\/wp-content\/uploads\/2025\/02\/IMG-20250216-WA0030-300x225.jpg\" alt=\"\" width=\"300\" height=\"225\" data-srcset=\"https:\/\/defrentealaverdad.com\/wp-content\/uploads\/2025\/02\/IMG-20250216-WA0030-300x225.jpg 300w, https:\/\/defrentealaverdad.com\/wp-content\/uploads\/2025\/02\/IMG-20250216-WA0030-1024x768.jpg 1024w, https:\/\/defrentealaverdad.com\/wp-content\/uploads\/2025\/02\/IMG-20250216-WA0030-768x576.jpg 768w, https:\/\/defrentealaverdad.com\/wp-content\/uploads\/2025\/02\/IMG-20250216-WA0030-720x540.jpg 720w, https:\/\/defrentealaverdad.com\/wp-content\/uploads\/2025\/02\/IMG-20250216-WA0030.jpg 1280w\" data-sizes=\"(max-width: 300px) 100vw, 300px\" src=\"data:image\/svg+xml;base64,PHN2ZyB3aWR0aD0iMSIgaGVpZ2h0PSIxIiB4bWxucz0iaHR0cDovL3d3dy53My5vcmcvMjAwMC9zdmciPjwvc3ZnPg==\" style=\"--smush-placeholder-width: 300px; --smush-placeholder-aspect-ratio: 300\/225;\" \/>Uribe, presidente de Efem\u00e9rides Patrias, concluy\u00f3 sus palabras rindi\u00e9ndole tambi\u00e9n homenaje a los patri\u00f3ticos compa\u00f1eros del Coronel Caama\u00f1o en su aventura revolucionaria de febrero del a\u00f1o de 1973: Heberto Lalane Jos\u00e9, Alfredo P\u00e9rez Vargas, Ram\u00f3n Euclides Holgu\u00edn Marte, Mario Nelson Gal\u00e1n, Ram\u00f3n Payero Ulloa, Toribio Pe\u00f1a J\u00e1quez, Hamlet Herman y Claudio Caama\u00f1o, porque estos bravos hombres dignos, honrados y justicieros se merecen el recuerdo y el respeto en la historia nacional y de las presentes y futuras generaciones que aspiramos al esplendor material y espiritual de la naci\u00f3n que hoy marcha por la senda desarrollista de la estabilidad institucional y socioecon\u00f3mica, gratitud eterna a la memoria del presidente Caama\u00f1o y sus compa\u00f1eros combatientes.<\/p>\n<p style=\"text-align: justify;\">Al acto se dieron cita Fellita Caama\u00f1o y Paola Caama\u00f1o, entre otros familiares del h\u00e9roe nacional, as\u00ed como miembros de las fundaciones patri\u00f3ticas.<\/p>\n<p><strong>Militar y h\u00e9roe dominicano<\/strong><\/p>\n<p style=\"text-align: justify;\">Francisco Alberto Caama\u00f1o De\u00f1\u00f3 fue fusilado el 16 de febrero de 1973, luego de haber sido herido y apresado por militares dominicanos, al entrar al pa\u00eds el 3 de febrero cuando encabezaba un foco guerrillero junto a nueve hombres que ingresaron por playa Caracoles, en Las Charcas, provincia de Azua, procedente de Cuba a bordo del yate Black Jack.<\/p>\n<p style=\"text-align: justify;\">Ese d\u00eda se estremeci\u00f3 el pa\u00eds que, para ese entonces, se encontraba en medio de los 12 a\u00f1os de Gobierno de Joaqu\u00edn Balaguer. El coronel al mando de un grupo de guerrilleros que so\u00f1aban con un mejor pa\u00eds, con su haza\u00f1a y coraje pas\u00f3 a las p\u00e1ginas de la historia, porque aunque su vida fue arrebatada refrend\u00f3 sus ideales de esperanza, justicia, libertad y amor a la patria.<\/p>\n<p>&nbsp;<\/p>\n<p>Fuente: Comisi\u00f3n Permanente de Efem\u00e9rides Patrias<\/p>\n","protected":false},"excerpt":{"rendered":"<p>Santo Domingo.- La Comisi\u00f3n Permanente de Efem\u00e9rides Patrias en el marco del \u201cMes de la<\/p>\n","protected":false},"author":1,"featured_media":39540,"comment_status":"open","ping_status":"open","sticky":false,"template":"","format":"standard","meta":{"footnotes":""},"categories":[7],"tags":[],"class_list":["post-39535","post","type-post","status-publish","format-standard","has-post-thumbnail","hentry","category-nacionales"],"_links":{"self":[{"href":"https:\/\/defrentealaverdad.com\/index.php\/wp-json\/wp\/v2\/posts\/39535","targetHints":{"allow":["GET"]}}],"collection":[{"href":"https:\/\/defrentealaverdad.com\/index.php\/wp-json\/wp\/v2\/posts"}],"about":[{"href":"https:\/\/defrentealaverdad.com\/index.php\/wp-json\/wp\/v2\/types\/post"}],"author":[{"embeddable":true,"href":"https:\/\/defrentealaverdad.com\/index.php\/wp-json\/wp\/v2\/users\/1"}],"replies":[{"embeddable":true,"href":"https:\/\/defrentealaverdad.com\/index.php\/wp-json\/wp\/v2\/comments?post=39535"}],"version-history":[{"count":3,"href":"https:\/\/defrentealaverdad.com\/index.php\/wp-json\/wp\/v2\/posts\/39535\/revisions"}],"predecessor-version":[{"id":39542,"href":"https:\/\/defrentealaverdad.com\/index.php\/wp-json\/wp\/v2\/posts\/39535\/revisions\/39542"}],"wp:featuredmedia":[{"embeddable":true,"href":"https:\/\/defrentealaverdad.com\/index.php\/wp-json\/wp\/v2\/media\/39540"}],"wp:attachment":[{"href":"https:\/\/defrentealaverdad.com\/index.php\/wp-json\/wp\/v2\/media?parent=39535"}],"wp:term":[{"taxonomy":"category","embeddable":true,"href":"https:\/\/defrentealaverdad.com\/index.php\/wp-json\/wp\/v2\/categories?post=39535"},{"taxonomy":"post_tag","embeddable":true,"href":"https:\/\/defrentealaverdad.com\/index.php\/wp-json\/wp\/v2\/tags?post=39535"}],"curies":[{"name":"wp","href":"https:\/\/api.w.org\/{rel}","templated":true}]}}